{"id":162310,"date":"2025-11-11T19:32:43","date_gmt":"2025-11-11T18:32:43","guid":{"rendered":"https:\/\/cyclingpro.net\/velopro\/uncategorized\/ineos-grenadiers-thyman-arensman-pour-battre-pogacar-et-vingegaard-au-tour-je-me-suis-effondre-sur-la-ligne-darrivee\/"},"modified":"2025-11-11T19:32:43","modified_gmt":"2025-11-11T18:32:43","slug":"ineos-grenadiers-thyman-arensman-pour-battre-pogacar-et-vingegaard-au-tour-je-me-suis-effondre-sur-la-ligne-darrivee","status":"publish","type":"post","link":"https:\/\/cyclingpro.net\/velopro\/autre\/ineos-grenadiers-thyman-arensman-pour-battre-pogacar-et-vingegaard-au-tour-je-me-suis-effondre-sur-la-ligne-darrivee\/","title":{"rendered":"INEOS Grenadiers, Thyman Arensman : \u00ab\u00a0Pour battre Pogacar et Vingegaard au Tour, je me suis effondr\u00e9 sur la ligne d&rsquo;arriv\u00e9e\u00a0\u00bb."},"content":{"rendered":"<p>2025 a \u00e9t\u00e9 une ann\u00e9e d\u00e9cid\u00e9ment heureuse pour <a href=\"https:\/\/cyclingpro.net\/spaziociclismo\/continental\/giro-dellemilia-2025-la-ineos-grenadiers-punta-su-egan-bernal-e-thymen-arensman\/\" target=\"_blank\" rel=\"noopener\"><strong>Thymen Arensman<\/strong><\/a>. Le coureur des <strong>Ineos-Grenadiers<\/strong> a fait un grand pas en avant dans sa carri\u00e8re en s&#8217;emparant des succ\u00e8s les plus prestigieux : deux \u00e9tapes du <strong>Tour de France 2025<\/strong>, l&rsquo;une dans une \u00e9chapp\u00e9e et l&rsquo;autre <a href=\"https:\/\/cyclingpro.net\/spaziociclismo\/sintesi-gare\/tour-de-france-2025-thymen-arensman-conquista-la-plagne-jonas-vingegaard-2-davanti-a-tadej-pogacar-senza-mai-attaccare\/\" target=\"_blank\" rel=\"noopener\">en attaquant depuis le groupe des favoris<\/a> et une \u00e9tape du <strong>Tour des Alpes 2025<\/strong>, cette derni\u00e8re avec une action en solitaire de plus de 60 km. \u00c0 ces victoires s&rsquo;ajoutent d&rsquo;importantes places au classement g\u00e9n\u00e9ral de la course italienne, o\u00f9 il termine deuxi\u00e8me, et au <strong>Paris-Nice<\/strong>, o\u00f9 il se classe troisi\u00e8me. Trois ans apr\u00e8s cette ann\u00e9e 2022 o\u00f9 il s&rsquo;est \u00e9panoui, le N\u00e9erlandais a donc retrouv\u00e9 son meilleur niveau, montrant qu&rsquo;il peut ramener des r\u00e9sultats prestigieux dans les courses les plus importantes. C&rsquo;est aussi gr\u00e2ce \u00e0 une approche diff\u00e9rente du cyclisme et de la course, fruit d&rsquo;un changement d&rsquo;entra\u00eeneur.<\/p>\n<p>La classe 99 l&rsquo;a elle-m\u00eame avou\u00e9 dans une <a href=\"https:\/\/www.helden.media\/\" target=\"_blank\" rel=\"noopener\">interview avec <em>Helden Magazine<\/em><\/a>, o\u00f9 il a parl\u00e9 du changement de mentalit\u00e9 qu&rsquo;il a eu en cette ann\u00e9e 2025 : \u00ab\u00a0En fin de compte, c&rsquo;est juste du cyclisme. Pour moi, en tant que coureur, et pour les gens qui aiment ce sport, c&rsquo;est une question importante, mais secondaire. Ces derni\u00e8res ann\u00e9es, le cyclisme a \u00e9t\u00e9 mon principal centre d&rsquo;int\u00e9r\u00eat et vous finissez par vous battre contre vous-m\u00eame\u00a0\u00bb.<\/p>\n<p>La fa\u00e7on dont il aborde d\u00e9sormais la course lui a permis de remporter deux \u00e9tapes du Tour : la premi\u00e8re, \u00e0 Luchon-Superbagn\u00e8res, dans une \u00e9chapp\u00e9e, la seconde, \u00e0 La Plagne, avec une attaque dans le groupe des favoris, prenant <strong>Tadej Pogacar<\/strong> et <strong>Jonas Vingegaard<\/strong> \u00e0 contre-pied ce jour-l\u00e0. Cette derni\u00e8re action, en particulier, est rest\u00e9e grav\u00e9e dans sa m\u00e9moire et dans celle des fans : \u00ab\u00a0J&rsquo;ai \u00e9t\u00e9 \u00e0 fond, j&rsquo;ai d\u00e9pass\u00e9 mes limites. Apr\u00e8s l&rsquo;arriv\u00e9e, je me suis effondr\u00e9. Voil\u00e0 jusqu&rsquo;o\u00f9 on va quand on essaie de gagner une \u00e9tape dans un Grand Tour avec des coureurs comme Pogacar et Vingegaard \u00e0 vos trousses\u00a0\u00bb.<\/p>\n<div>Malgr\u00e9 les sceaux splendides au Tour de France, <strong><a href=\"https:\/\/cyclingpro.net\/spaziociclismo\/tour-2025\/tour-de-france-2025-thymen-arensman-vincere-una-tappa-al-termine-di-una-fuga-era-gia-incredibile-ma-farlo-contro-i-migliori-corridori-del-mondo-mi-sembra-di-sognare\/\">Thymen Arensman<\/a> <\/strong> d\u00e9signe l&rsquo;arriv\u00e9e \u00e0 <strong>Paris-Nice<\/strong> en troisi\u00e8me position comme le point culminant de sa saison : \u00ab\u00a0Parce que mon entra\u00eeneur et moi savons tout ce qu&rsquo;il y a derri\u00e8re ce r\u00e9sultat. Il y avait tout un processus derri\u00e8re Paris-Nice, un processus qui est toujours en cours\u00a0\u00bb. Quelques mois plus tard, le N\u00e9erlandais a failli remporter l&rsquo;\u00e9tape de Sienne du Giro d&rsquo;Italia, luttant avec <strong>Wout Van Aert<\/strong> et <strong>Isaac Del Toro<\/strong> sur la route caillouteuse avant d&rsquo;\u00eatre arr\u00eat\u00e9 par une crevaison au meilleur moment : \u00ab\u00a0Je suis presque s\u00fbr que j&rsquo;aurais pu rendre la vie difficile \u00e0 Wout et Del Toro dans le final\u00a0\u00bb, a d\u00e9clar\u00e9 la classe de 99. Cependant, 2025 a apport\u00e9 beaucoup plus de satisfactions au N\u00e9erlandais, qui se pr\u00e9pare maintenant pour 2026 avec une mentalit\u00e9 et une confiance diff\u00e9rentes.<\/div>\n<p>.<\/p>\n","protected":false},"excerpt":{"rendered":"<p>2025 a \u00e9t\u00e9 une ann\u00e9e d\u00e9cid\u00e9ment heureuse pour Thymen Arensman. Le coureur des Ineos-Grenadiers a fait un grand pas en avant dans sa carri\u00e8re en s&#8217;emparant des succ\u00e8s les plus prestigieux : deux \u00e9tapes du Tour de France 2025, l&rsquo;une dans une \u00e9chapp\u00e9e et l&rsquo;autre en attaquant depuis le groupe des favoris et une \u00e9tape &hellip;<\/p>\n","protected":false},"author":20,"featured_media":162309,"comment_status":"open","ping_status":"open","sticky":false,"template":"","format":"standard","meta":{"footnotes":""},"categories":[3],"tags":[],"class_list":["post-162310","post","type-post","status-publish","format-standard","has-post-thumbnail","hentry","category-autre"],"_links":{"self":[{"href":"https:\/\/cyclingpro.net\/velopro\/wp-json\/wp\/v2\/posts\/162310","targetHints":{"allow":["GET"]}}],"collection":[{"href":"https:\/\/cyclingpro.net\/velopro\/wp-json\/wp\/v2\/posts"}],"about":[{"href":"https:\/\/cyclingpro.net\/velopro\/wp-json\/wp\/v2\/types\/post"}],"author":[{"embeddable":true,"href":"https:\/\/cyclingpro.net\/velopro\/wp-json\/wp\/v2\/users\/20"}],"replies":[{"embeddable":true,"href":"https:\/\/cyclingpro.net\/velopro\/wp-json\/wp\/v2\/comments?post=162310"}],"version-history":[{"count":0,"href":"https:\/\/cyclingpro.net\/velopro\/wp-json\/wp\/v2\/posts\/162310\/revisions"}],"wp:featuredmedia":[{"embeddable":true,"href":"https:\/\/cyclingpro.net\/velopro\/wp-json\/wp\/v2\/media\/162309"}],"wp:attachment":[{"href":"https:\/\/cyclingpro.net\/velopro\/wp-json\/wp\/v2\/media?parent=162310"}],"wp:term":[{"taxonomy":"category","embeddable":true,"href":"https:\/\/cyclingpro.net\/velopro\/wp-json\/wp\/v2\/categories?post=162310"},{"taxonomy":"post_tag","embeddable":true,"href":"https:\/\/cyclingpro.net\/velopro\/wp-json\/wp\/v2\/tags?post=162310"}],"curies":[{"name":"wp","href":"https:\/\/api.w.org\/{rel}","templated":true}]}}