{"id":162308,"date":"2025-11-11T19:04:02","date_gmt":"2025-11-11T18:04:02","guid":{"rendered":"https:\/\/cyclingpro.net\/velopro\/uncategorized\/solme-olmo-accord-avec-arvedi-pour-former-une-seule-equipe-les-onze-coureurs-en-lice\/"},"modified":"2025-11-11T19:04:02","modified_gmt":"2025-11-11T18:04:02","slug":"solme-olmo-accord-avec-arvedi-pour-former-une-seule-equipe-les-onze-coureurs-en-lice","status":"publish","type":"post","link":"https:\/\/cyclingpro.net\/velopro\/autre\/solme-olmo-accord-avec-arvedi-pour-former-une-seule-equipe-les-onze-coureurs-en-lice\/","title":{"rendered":"Solme Olmo, accord avec Arvedi pour former une seule \u00e9quipe : les onze coureurs en lice"},"content":{"rendered":"<p>Le <strong><a href=\"https:\/\/cyclingpro.net\/spaziociclismo\/continental\/solme-olmo-la-squadra-avra-licenza-continental-nel-2026-annunciati-i-primi-6-corridori\/\" target=\"_blank\" rel=\"noopener\">Solme Olmo<\/a> <\/strong>conclut un accord important pour ses d\u00e9buts dans la cat\u00e9gorie Continental. L&rsquo;\u00e9quipe italienne a r\u00e9cemment annonc\u00e9 qu&rsquo;elle changerait de licence en 2026 et qu&rsquo;elle ne se concentrerait plus sur les moins de 23 ans. Mardi 11 novembre, l&rsquo;\u00e9quipe a annonc\u00e9 une autre nouveaut\u00e9 importante : l&rsquo;accord avec la marque <strong>Arvedi<\/strong>, qui apporte avec elle les coureurs et la structure d&rsquo;<strong>Arvedi Cycling<\/strong>, o\u00f9 certains des meilleurs coureurs italiens sont form\u00e9s, notamment le m\u00e9daill\u00e9 d&rsquo;or olympique du quatuor de poursuite par \u00e9quipe <a href=\"https:\/\/cyclingpro.net\/spaziociclismo\/altro\/pista\/europei-pista-heusden-zolder-2025-annunciati-i-convocati-azzurri-tanti-giovani-a-fianco-dei-veterani-viviani-e-lamon\/\"><strong>Francesco Lamon<\/strong><\/a>. \u00c0 cette occasion, le <strong>Solme Olmo<\/strong> a \u00e9galement annonc\u00e9 sa liste officielle, qui comprend six confirmations et cinq nouvelles arriv\u00e9es, pr\u00e9cis\u00e9ment de l&rsquo;<strong>Arvedi<\/strong>.<\/p>\n<p>Par rapport \u00e0 la liste de 2025, Christian Fantini, Armin Caselli, Lorenzo Marangoni, Lorenzo Anniballi, Riccardo Uderzo et Alessandro Dante ont \u00e9t\u00e9 reconduits. Ils sont donc rejoints par cinq coureurs d&rsquo;<strong>Arvedi Cycling<\/strong>, gr\u00e2ce \u00e0 l&rsquo;accord conclu entre les deux soci\u00e9t\u00e9s. Il s&rsquo;agit du champion olympique de Tokyo 2021, <strong>Francesco Lamon<\/strong>, du champion d&rsquo;Europe et du monde juniors 2024, <strong>Eros Sporzon<\/strong> et, avec eux, de <strong>Niccol\u00f2 Galli<\/strong>, <strong>Jacopo Sasso<\/strong> et <strong>Luca Patuelli<\/strong><strong>.<\/p>\n<p>En outre, <strong>Solme Olmo<\/strong> a annonc\u00e9 qu&rsquo;il a \u00e9galement int\u00e9gr\u00e9 dans l&rsquo;orbite du club la formation junior de Pool Cant\u00f9 GB Team du Team Manager Antonio Meroni et de l&rsquo;ancien professionnel Gianluca Bortolami. Gr\u00e2ce \u00e0 cet accord, <strong>Julian Bortolami<\/strong> et <strong>Luca Morlino<\/strong> feront leurs d\u00e9buts chez les moins de 23 ans avec Solme Olmo en 2026.<\/p>\n<p><Gian Pietro Forcolin<\/strong>, Team Manager de Solme Olmo, a d\u00e9clar\u00e9 : \u00ab\u00a0Nous sommes heureux et fiers d&rsquo;accueillir dans notre \u00e9quipe des athl\u00e8tes d&rsquo;un calibre absolu, sp\u00e9cialistes de la piste et capables de s&rsquo;illustrer \u00e9galement sur la route\u00a0\u00bb. Outre le champion olympique Francesco Lamon, qui n&rsquo;est plus \u00e0 pr\u00e9senter, gr\u00e2ce \u00e0 cette importante union, certains des jeunes talents les plus int\u00e9ressants de la sc\u00e8ne nationale, qui ont d\u00e9j\u00e0 eu l&rsquo;occasion de briller lors d&rsquo;\u00e9v\u00e9nements internationaux, rejoindront notre \u00e9quipe.<\/p>\n<p><Rossano Grazioli <\/strong>du <strong>Arvedi Group<\/strong> a ajout\u00e9 : \u00ab\u00a0Depuis plusieurs ann\u00e9es, avec Arvedi Cycling, nous avons \u00e9t\u00e9 la maison des pistards italiens, en promouvant l&rsquo;alternance entre les activit\u00e9s sur route et sur piste. Les r\u00e9sultats nous ont donn\u00e9 raison et nous avons r\u00e9colt\u00e9 plusieurs satisfactions au niveau national et international. L&rsquo;ann\u00e9e 2026 marquera un nouveau pas en avant pour nous : en faisant partie d&rsquo;une \u00e9quipe continentale comme Solme Olmo, nos athl\u00e8tes auront l&rsquo;opportunit\u00e9 de courir avec continuit\u00e9 \u00e9galement dans les \u00e9v\u00e9nements professionnels avec l&rsquo;objectif de r\u00e9aliser de bonnes performances et de mettre de pr\u00e9cieux kilom\u00e8tres dans leurs jambes pour continuer \u00e0 \u00eatre des protagonistes \u00e9galement sur la piste\u00a0\u00bb.<\/p>\n<h2>L&rsquo;\u00e9quipe Solme Olmo 2026<\/h2>\n<p>Lorenzo Anniballi<br \/>\nArmin Caselli<br \/>\nAlessandro Dante<br \/>\nChristian Fantini<br \/>\nNiccol\u00f2 Galli<br \/>\nFrancesco Lamon<br \/>\nLorenzo Marangoni<br \/>\nLuca Patuelli<br \/>\nJacopo Sasso<br \/>\nEros Sporzon<br \/>\nRiccardo Uderzo<\/p>\n","protected":false},"excerpt":{"rendered":"<p>Le Solme Olmo conclut un accord important pour ses d\u00e9buts dans la cat\u00e9gorie Continental. L&rsquo;\u00e9quipe italienne a r\u00e9cemment annonc\u00e9 qu&rsquo;elle changerait de licence en 2026 et qu&rsquo;elle ne se concentrerait plus sur les moins de 23 ans. Mardi 11 novembre, l&rsquo;\u00e9quipe a annonc\u00e9 une autre nouveaut\u00e9 importante : l&rsquo;accord avec la marque Arvedi, qui apporte &hellip;<\/p>\n","protected":false},"author":20,"featured_media":162307,"comment_status":"open","ping_status":"open","sticky":false,"template":"","format":"standard","meta":{"footnotes":""},"categories":[3],"tags":[],"class_list":["post-162308","post","type-post","status-publish","format-standard","has-post-thumbnail","hentry","category-autre"],"_links":{"self":[{"href":"https:\/\/cyclingpro.net\/velopro\/wp-json\/wp\/v2\/posts\/162308","targetHints":{"allow":["GET"]}}],"collection":[{"href":"https:\/\/cyclingpro.net\/velopro\/wp-json\/wp\/v2\/posts"}],"about":[{"href":"https:\/\/cyclingpro.net\/velopro\/wp-json\/wp\/v2\/types\/post"}],"author":[{"embeddable":true,"href":"https:\/\/cyclingpro.net\/velopro\/wp-json\/wp\/v2\/users\/20"}],"replies":[{"embeddable":true,"href":"https:\/\/cyclingpro.net\/velopro\/wp-json\/wp\/v2\/comments?post=162308"}],"version-history":[{"count":0,"href":"https:\/\/cyclingpro.net\/velopro\/wp-json\/wp\/v2\/posts\/162308\/revisions"}],"wp:featuredmedia":[{"embeddable":true,"href":"https:\/\/cyclingpro.net\/velopro\/wp-json\/wp\/v2\/media\/162307"}],"wp:attachment":[{"href":"https:\/\/cyclingpro.net\/velopro\/wp-json\/wp\/v2\/media?parent=162308"}],"wp:term":[{"taxonomy":"category","embeddable":true,"href":"https:\/\/cyclingpro.net\/velopro\/wp-json\/wp\/v2\/categories?post=162308"},{"taxonomy":"post_tag","embeddable":true,"href":"https:\/\/cyclingpro.net\/velopro\/wp-json\/wp\/v2\/tags?post=162308"}],"curies":[{"name":"wp","href":"https:\/\/api.w.org\/{rel}","templated":true}]}}