{"id":162306,"date":"2025-11-11T18:35:47","date_gmt":"2025-11-11T17:35:47","guid":{"rendered":"https:\/\/cyclingpro.net\/velopro\/uncategorized\/uae-team-emirates-xrg-pavel-sivakov-pogacar-peut-gerer-le-stress-pas-moi-seixas-est-aussi-comme-lui\/"},"modified":"2025-11-11T18:35:47","modified_gmt":"2025-11-11T17:35:47","slug":"uae-team-emirates-xrg-pavel-sivakov-pogacar-peut-gerer-le-stress-pas-moi-seixas-est-aussi-comme-lui","status":"publish","type":"post","link":"https:\/\/cyclingpro.net\/velopro\/autre\/uae-team-emirates-xrg-pavel-sivakov-pogacar-peut-gerer-le-stress-pas-moi-seixas-est-aussi-comme-lui\/","title":{"rendered":"UAE Team Emirates &#8211; XRG, Pavel Sivakov : \u00ab\u00a0Pogacar peut g\u00e9rer le stress, pas moi. Seixas est aussi comme lui\u00a0\u00bb"},"content":{"rendered":"<p><strong><a href=\"https:\/\/cyclingpro.net\/spaziociclismo\/continental\/giro-del-veneto-2025-pavel-sivakov-oggi-e-stata-una-giornata-da-classico-piano-uae\/\" target=\"_blank\" rel=\"noopener\">Pavel Sivakov<\/a> <\/strong>r\u00e9fl\u00e9chit sur sa carri\u00e8re et tente de se relancer. Le coureur de l&rsquo;<strong>UAE Team Emirates &#8211; XRG<\/strong> semble avoir d\u00e9sormais accept\u00e9 un r\u00f4le de soutien dans son \u00e9quipe, o\u00f9 il se retrouve souvent \u00e0 travailler pour <strong>Tadej Pogacar<\/strong> et, cette ann\u00e9e, tour \u00e0 tour pour <strong>Juan Ayuso <\/strong>et <strong>Isaac Del Toro<\/strong>. Apr\u00e8s quelques ann\u00e9es en tant que capitaine au sein de l&rsquo;\u00e9quipe Sky, avec laquelle il a termin\u00e9 neuvi\u00e8me du Giro d&rsquo;Italia 2019 (ann\u00e9e o\u00f9 il a remport\u00e9 le Tour des Alpes), la promotion 97 n&rsquo;a pas r\u00e9ussi \u00e0 s&rsquo;\u00e9panouir d\u00e9finitivement, se contentant d&rsquo;\u00eatre un domestique de luxe au sein de la nouvelle formation. Dans l&rsquo;\u00e9quipe \u00e9miratie, il a toutefois engrang\u00e9 quelques satisfactions, comme des succ\u00e8s dans la Vuelta a Andalucia 2025, dans la quatri\u00e8me \u00e9tape du Giro d&rsquo;Abruzzo 2024 ou dans le Giro della Toscana 2023.<\/p>\n<p>Le coureur au passeport fran\u00e7ais s&rsquo;est exprim\u00e9 sur l&rsquo;\u00e9volution de sa carri\u00e8re <a href=\"https:\/\/www.cyclingnews.com\/features\/its-all-part-of-my-career-path-pavel-sivakovs-difficult-journey-from-a-super-talent-to-super-domestique\/\" target=\"_blank\" rel=\"noopener\">dans une interview accord\u00e9e \u00e0 <em>Cyclingnews<\/em><\/a>, o\u00f9 il a avou\u00e9 : \u00ab\u00a0J&rsquo;ai beaucoup r\u00e9fl\u00e9chi au Parcours de ma carri\u00e8re. R\u00e9fl\u00e9chir et essayer de comprendre ce qui m&rsquo;est arriv\u00e9 fait partie de mon Parcours. Tout cela fait partie de mon Parcours. 2019 a \u00e9t\u00e9 l&rsquo;ann\u00e9e de mon explosion, puis j&rsquo;ai connu deux ou trois ann\u00e9es o\u00f9 je n&rsquo;ai pas progress\u00e9 autant que je l&rsquo;aurais voulu. J&rsquo;ai un peu souffert, peut-\u00eatre d&rsquo;abord mentalement. Je me suis certainement mis trop de pression, en essayant d&rsquo;en faire trop. Je n&rsquo;avais peut-\u00eatre pas assez confiance en moi pour m&rsquo;\u00e9couter et je me suis content\u00e9e de suivre les plans d&rsquo;entra\u00eenement de mon entra\u00eeneur. Je pense que cela vient un peu de mes racines, peut-\u00eatre de mes parents, qui ont un style un peu sovi\u00e9tique : m\u00eame si tu es mort, tu t&rsquo;entra\u00eenes, tu fais des heures de v\u00e9lo, tu en fais plus\u00a0\u00bb. Les parents de Pavel Sivakov, Aleksandra Koliaseva et Alexei Sivakov, \u00e9taient tous deux professionnels.<\/p>\n<p>\u00ab\u00a0Je voyais Geraint Thomas et Chris Froome en faire de plus en plus\u00a0\u00bb, poursuit le jeune homme de 28 ans, \u00ab\u00a0j&rsquo;\u00e9tais jeune et je voulais faire la m\u00eame chose. Puis vous commencez \u00e0 \u00eatre trop stress\u00e9. Vous vous entra\u00eenez trop, vous suivez trop de r\u00e9gimes, vous tombez peut-\u00eatre m\u00eame un peu trop. C&rsquo;est un cercle vicieux. J&rsquo;ai la chance d&rsquo;avoir un bon moteur et un certain talent, ce qui me permet d&rsquo;\u00eatre toujours performant ici ou l\u00e0, mais je n&rsquo;ai jamais \u00e9t\u00e9 constant. Je pense que certains pilotes grandissent tr\u00e8s vite. Ils le font rapidement et c&rsquo;est plus facile pour eux. Pour moi, le Parcours a \u00e9t\u00e9 plus long et plus lent.<\/p>\n<p><Pavel Sivakov<\/strong> reconna\u00eet que sa difficult\u00e9 \u00e0 g\u00e9rer la pression a affect\u00e9 sa carri\u00e8re, contrairement \u00e0 son co\u00e9quipier Pogacar<\/strong> : \u00ab\u00a0Tadej a la capacit\u00e9 de rester calme et de ne pas stresser. Je ne suis pas comme \u00e7a, j&rsquo;avais l&rsquo;habitude de stresser pour de petits d\u00e9tails et cela me ralentissait. Paul Seixas est aussi comme Tadej et Geraint Thomas. Il n&rsquo;est pas comme moi, il ne r\u00e9fl\u00e9chit pas trop. Il aura de la pression, mais cela fait partie de son parcours. Apr\u00e8s avoir appris \u00e0 le conna\u00eetre, je pense que tant qu&rsquo;il aime la course, tout ira bien.<\/p>\n<p>Par la suite, la promotion 97 a \u00e9voqu\u00e9 le <strong>Tour de France 2025<\/strong>, o\u00f9 il n&rsquo;a pas r\u00e9pondu aux attentes personnelles et \u00e0 celles de l&rsquo;\u00e9quipe, m\u00eame si son <strong>UAE Team Emirates-XRG<\/strong> a remport\u00e9 un triomphe : \u00ab\u00a0Le Tour a \u00e9t\u00e9 une grande d\u00e9ception pour moi. Je voulais \u00eatre l\u00e0 avec les autres et \u00eatre en bonne forme, mais je me suis fait distancer dans la premi\u00e8re mont\u00e9e. Mentalement, c&rsquo;\u00e9tait difficile parce que je sais que je suis meilleur que \u00e7a. Un bon lien s&rsquo;est cr\u00e9\u00e9 au Tour et cela m&rsquo;a beaucoup aid\u00e9, cela m&rsquo;a permis d&rsquo;arriver \u00e0 Paris. J&rsquo;ai souffert personnellement, mais une fois de plus, j&rsquo;ai fait partie de l&rsquo;\u00e9quipe qui a gagn\u00e9 le Tour, c&rsquo;est toujours sp\u00e9cial.<\/p>\n<p>En tout cas, <strong>Pavel Sivakov<\/strong> ne veut pas se r\u00e9signer au r\u00f4le de domestique de luxe et pense qu&rsquo;il peut encore pr\u00e9tendre \u00e0 des r\u00e9sultats importants : \u00ab\u00a0Je continue \u00e0 m&rsquo;am\u00e9liorer d&rsquo;ann\u00e9e en ann\u00e9e, mes chiffres s&rsquo;am\u00e9liorent. Honn\u00eatement, je pense que j&rsquo;entre dans mes meilleures ann\u00e9es, j&rsquo;ai appris \u00e0 mieux me g\u00e9rer. J&rsquo;ai toujours des ambitions personnelles, je veux gagner. J&rsquo;essaie de trouver un bon \u00e9quilibre, d&rsquo;\u00e9viter les erreurs et d&rsquo;\u00eatre devant toute l&rsquo;ann\u00e9e. Ce n&rsquo;est pas facile. Je ne veux pas me rel\u00e2cher et me contenter d&rsquo;\u00eatre un domestique. Je suis heureux de travailler pour Tadej et l&rsquo;\u00e9quipe lorsque je peux faire la diff\u00e9rence, mais je veux toujours gagner des courses, passer \u00e0 l&rsquo;attaque et me battre pour la victoire. C&rsquo;est pour cela que je m&rsquo;entra\u00eene.<\/p>\n","protected":false},"excerpt":{"rendered":"<p>Pavel Sivakov r\u00e9fl\u00e9chit sur sa carri\u00e8re et tente de se relancer. Le coureur de l&rsquo;UAE Team Emirates &#8211; XRG semble avoir d\u00e9sormais accept\u00e9 un r\u00f4le de soutien dans son \u00e9quipe, o\u00f9 il se retrouve souvent \u00e0 travailler pour Tadej Pogacar et, cette ann\u00e9e, tour \u00e0 tour pour Juan Ayuso et Isaac Del Toro. Apr\u00e8s quelques &hellip;<\/p>\n","protected":false},"author":20,"featured_media":162305,"comment_status":"open","ping_status":"open","sticky":false,"template":"","format":"standard","meta":{"footnotes":""},"categories":[3],"tags":[],"class_list":["post-162306","post","type-post","status-publish","format-standard","has-post-thumbnail","hentry","category-autre"],"_links":{"self":[{"href":"https:\/\/cyclingpro.net\/velopro\/wp-json\/wp\/v2\/posts\/162306","targetHints":{"allow":["GET"]}}],"collection":[{"href":"https:\/\/cyclingpro.net\/velopro\/wp-json\/wp\/v2\/posts"}],"about":[{"href":"https:\/\/cyclingpro.net\/velopro\/wp-json\/wp\/v2\/types\/post"}],"author":[{"embeddable":true,"href":"https:\/\/cyclingpro.net\/velopro\/wp-json\/wp\/v2\/users\/20"}],"replies":[{"embeddable":true,"href":"https:\/\/cyclingpro.net\/velopro\/wp-json\/wp\/v2\/comments?post=162306"}],"version-history":[{"count":0,"href":"https:\/\/cyclingpro.net\/velopro\/wp-json\/wp\/v2\/posts\/162306\/revisions"}],"wp:featuredmedia":[{"embeddable":true,"href":"https:\/\/cyclingpro.net\/velopro\/wp-json\/wp\/v2\/media\/162305"}],"wp:attachment":[{"href":"https:\/\/cyclingpro.net\/velopro\/wp-json\/wp\/v2\/media?parent=162306"}],"wp:term":[{"taxonomy":"category","embeddable":true,"href":"https:\/\/cyclingpro.net\/velopro\/wp-json\/wp\/v2\/categories?post=162306"},{"taxonomy":"post_tag","embeddable":true,"href":"https:\/\/cyclingpro.net\/velopro\/wp-json\/wp\/v2\/tags?post=162306"}],"curies":[{"name":"wp","href":"https:\/\/api.w.org\/{rel}","templated":true}]}}