{"id":162304,"date":"2025-11-11T16:45:12","date_gmt":"2025-11-11T15:45:12","guid":{"rendered":"https:\/\/cyclingpro.net\/velopro\/uncategorized\/soudal-quick-step-federico-savino-vers-sa-quatrieme-annee-au-sein-de-lequipe-devo-en-2025-jai-continue-a-mameliorer-et-a-apprendre-jaborderai-la-saison-prochaine-avec-beaucoup-dambiti\/"},"modified":"2025-11-11T16:45:12","modified_gmt":"2025-11-11T15:45:12","slug":"soudal-quick-step-federico-savino-vers-sa-quatrieme-annee-au-sein-de-lequipe-devo-en-2025-jai-continue-a-mameliorer-et-a-apprendre-jaborderai-la-saison-prochaine-avec-beaucoup-dambiti","status":"publish","type":"post","link":"https:\/\/cyclingpro.net\/velopro\/autre\/soudal-quick-step-federico-savino-vers-sa-quatrieme-annee-au-sein-de-lequipe-devo-en-2025-jai-continue-a-mameliorer-et-a-apprendre-jaborderai-la-saison-prochaine-avec-beaucoup-dambiti\/","title":{"rendered":"Soudal Quick-Step, Federico Savino vers sa quatri\u00e8me ann\u00e9e au sein de l&rsquo;\u00e9quipe Devo : \u00ab\u00a0En 2025, j&rsquo;ai continu\u00e9 \u00e0 m&rsquo;am\u00e9liorer et \u00e0 apprendre, j&rsquo;aborderai la saison prochaine avec beaucoup d&rsquo;ambitions\u00a0\u00bb."},"content":{"rendered":"<p>En 2026 \u00e9galement, <strong>Federico Savino<\/strong> portera les couleurs du <strong>Soudal Quick-Step Devo<\/strong>. Ayant rejoint l&rsquo;\u00e9quipe au d\u00e9but de l&rsquo;ann\u00e9e 2023, le jeune homme de 21 ans s&rsquo;appr\u00eate donc \u00e0 entamer sa quatri\u00e8me saison au sein de l&rsquo;\u00e9quipe de d\u00e9veloppement Wolfpack, avec laquelle il a effectu\u00e9 un parcours de croissance important ces derni\u00e8res ann\u00e9es, en participant non seulement \u00e0 des courses pour les moins de 23 ans, mais aussi \u00e0 des courses avec la premi\u00e8re \u00e9quipe. Capable de remporter quelques victoires et de nombreuses bonnes places qui ont mis en \u00e9vidence ses qualit\u00e9s, le coureur pisan a parl\u00e9 de l&rsquo;ann\u00e9e qui vient de s&rsquo;\u00e9couler alors qu&rsquo;il s&rsquo;appr\u00eate \u00e0 entamer la pr\u00e9paration de la nouvelle saison, o\u00f9 il a l&rsquo;intention de s&rsquo;am\u00e9liorer encore davantage.<\/p>\n<p>\u00ab\u00a0La saison derni\u00e8re a \u00e9t\u00e9 ma troisi\u00e8me avec l&rsquo;\u00e9quipe et, <strong>m\u00eame si j&rsquo;esp\u00e9rais obtenir plus sur le plan personnel, je suis content<\/strong>\u00ab\u00a0, a analys\u00e9 Savino, \u00ab\u00a0L&rsquo;une des raisons est que <strong>j&rsquo;ai continu\u00e9 \u00e0 m&rsquo;am\u00e9liorer et \u00e0 apprendre ; j&rsquo;ai appris \u00e0 lire une course et \u00e0 rouler intelligemment, mais j&rsquo;ai aussi am\u00e9lior\u00e9 mon positionnement<\/strong>, en particulier dans la derni\u00e8re partie d&rsquo;une course. Une autre chose importante pour moi a \u00e9t\u00e9 de pouvoir courir avec l&rsquo;\u00e9quipe WorldTour dans diff\u00e9rentes courses, comme O Gran Cami\u00f1o, Coppi e Bartali et la Slovaquie. <C'\u00e9tait g\u00e9nial de faire cela et de vivre tant de bons moments avec les gars les plus exp\u00e9riment\u00e9s<\/strong>. C&rsquo;\u00e9tait un r\u00eave de faire partie de la m\u00eame \u00e9quipe qu&rsquo;eux et j&rsquo;ai ador\u00e9 chaque instant.<\/p>\n<p>\u00ab\u00a0<strong>J&rsquo;ai obtenu de beaux r\u00e9sultats au Circuit des Ardennes et au Tour de Bretagne, mais celui qui ressort le plus est sans aucun doute ma victoire finale au West Bohemia Tour<\/strong>\u00ab\u00a0, poursuit le jeune homme de 21 ans. \u00ab\u00a0Nous avions triomph\u00e9 l\u00e0-bas en 2024 et c&rsquo;\u00e9tait g\u00e9nial de r\u00e9it\u00e9rer ce succ\u00e8s. J&rsquo;ai construit ma victoire en d\u00e9but de semaine en me d\u00e9tachant lors de la premi\u00e8re \u00e9tape, et avec la bonne performance que j&rsquo;ai eue dans le prologue, cela m&rsquo;a conduit au maillot jaune. Avec l&rsquo;aide de mes incroyables co\u00e9quipiers, j&rsquo;ai d\u00e9fendu le Maillot Jaune et j&rsquo;ai remport\u00e9 la victoire, ce qui \u00e9tait fantastique.\u00a0\u00bb<\/p>\n<p>Le jeune coureur toscan a d\u00e9j\u00e0 les id\u00e9es claires pour 2026 : \u00ab\u00a0<strong>J&rsquo;aborderai la saison prochaine avec beaucoup d&rsquo;ambitions, car je veux bien figurer dans plusieurs courses, de Li\u00e8ge-Bastogne-Li\u00e8ge au Giro Next Gen en passant par le Tour de l&rsquo;Avenir. J&rsquo;esp\u00e8re \u00e9galement avoir d&rsquo;autres opportunit\u00e9s de courir avec une \u00e9quipe WorldTour, car je sais que cela m&rsquo;aidera \u00e0 m&rsquo;am\u00e9liorer.<\/p>\n","protected":false},"excerpt":{"rendered":"<p>En 2026 \u00e9galement, Federico Savino portera les couleurs du Soudal Quick-Step Devo. Ayant rejoint l&rsquo;\u00e9quipe au d\u00e9but de l&rsquo;ann\u00e9e 2023, le jeune homme de 21 ans s&rsquo;appr\u00eate donc \u00e0 entamer sa quatri\u00e8me saison au sein de l&rsquo;\u00e9quipe de d\u00e9veloppement Wolfpack, avec laquelle il a effectu\u00e9 un parcours de croissance important ces derni\u00e8res ann\u00e9es, en participant &hellip;<\/p>\n","protected":false},"author":20,"featured_media":162303,"comment_status":"open","ping_status":"open","sticky":false,"template":"","format":"standard","meta":{"footnotes":""},"categories":[3],"tags":[],"class_list":["post-162304","post","type-post","status-publish","format-standard","has-post-thumbnail","hentry","category-autre"],"_links":{"self":[{"href":"https:\/\/cyclingpro.net\/velopro\/wp-json\/wp\/v2\/posts\/162304","targetHints":{"allow":["GET"]}}],"collection":[{"href":"https:\/\/cyclingpro.net\/velopro\/wp-json\/wp\/v2\/posts"}],"about":[{"href":"https:\/\/cyclingpro.net\/velopro\/wp-json\/wp\/v2\/types\/post"}],"author":[{"embeddable":true,"href":"https:\/\/cyclingpro.net\/velopro\/wp-json\/wp\/v2\/users\/20"}],"replies":[{"embeddable":true,"href":"https:\/\/cyclingpro.net\/velopro\/wp-json\/wp\/v2\/comments?post=162304"}],"version-history":[{"count":0,"href":"https:\/\/cyclingpro.net\/velopro\/wp-json\/wp\/v2\/posts\/162304\/revisions"}],"wp:featuredmedia":[{"embeddable":true,"href":"https:\/\/cyclingpro.net\/velopro\/wp-json\/wp\/v2\/media\/162303"}],"wp:attachment":[{"href":"https:\/\/cyclingpro.net\/velopro\/wp-json\/wp\/v2\/media?parent=162304"}],"wp:term":[{"taxonomy":"category","embeddable":true,"href":"https:\/\/cyclingpro.net\/velopro\/wp-json\/wp\/v2\/categories?post=162304"},{"taxonomy":"post_tag","embeddable":true,"href":"https:\/\/cyclingpro.net\/velopro\/wp-json\/wp\/v2\/tags?post=162304"}],"curies":[{"name":"wp","href":"https:\/\/api.w.org\/{rel}","templated":true}]}}