{"id":162302,"date":"2025-11-11T16:10:55","date_gmt":"2025-11-11T15:10:55","guid":{"rendered":"https:\/\/cyclingpro.net\/velopro\/uncategorized\/superprestige-laurens-sweeck-se-libere-a-niel-en-brulant-niels-vandeputte-au-sprint\/"},"modified":"2025-11-11T16:10:55","modified_gmt":"2025-11-11T15:10:55","slug":"superprestige-laurens-sweeck-se-libere-a-niel-en-brulant-niels-vandeputte-au-sprint","status":"publish","type":"post","link":"https:\/\/cyclingpro.net\/velopro\/autre\/superprestige-laurens-sweeck-se-libere-a-niel-en-brulant-niels-vandeputte-au-sprint\/","title":{"rendered":"Superprestige, Laurens Sweeck se lib\u00e8re \u00e0 Niel en br\u00fblant Niels Vandeputte au sprint !"},"content":{"rendered":"<p>Premier succ\u00e8s de la saison pour Laurens Sweeck, qui s&rsquo;est impos\u00e9 pour la quatri\u00e8me fois de sa carri\u00e8re au Jaarmarktcross de Niel. Le Belge de Crelan-Corendon a pris le meilleur sur Niels Vandeputte, rattrap\u00e9 et d\u00e9pass\u00e9 sur la ligne d&rsquo;arriv\u00e9e, lors de la troisi\u00e8me manche du Superprestige.<\/p>\n<p><Plus d'informations suivront.\n<\/p>\n","protected":false},"excerpt":{"rendered":"<p>Premier succ\u00e8s de la saison pour Laurens Sweeck, qui s&rsquo;est impos\u00e9 pour la quatri\u00e8me fois de sa carri\u00e8re au Jaarmarktcross de Niel. Le Belge de Crelan-Corendon a pris le meilleur sur Niels Vandeputte, rattrap\u00e9 et d\u00e9pass\u00e9 sur la ligne d&rsquo;arriv\u00e9e, lors de la troisi\u00e8me manche du Superprestige.<\/p>\n","protected":false},"author":20,"featured_media":162301,"comment_status":"open","ping_status":"open","sticky":false,"template":"","format":"standard","meta":{"footnotes":""},"categories":[3],"tags":[],"class_list":["post-162302","post","type-post","status-publish","format-standard","has-post-thumbnail","hentry","category-autre"],"_links":{"self":[{"href":"https:\/\/cyclingpro.net\/velopro\/wp-json\/wp\/v2\/posts\/162302","targetHints":{"allow":["GET"]}}],"collection":[{"href":"https:\/\/cyclingpro.net\/velopro\/wp-json\/wp\/v2\/posts"}],"about":[{"href":"https:\/\/cyclingpro.net\/velopro\/wp-json\/wp\/v2\/types\/post"}],"author":[{"embeddable":true,"href":"https:\/\/cyclingpro.net\/velopro\/wp-json\/wp\/v2\/users\/20"}],"replies":[{"embeddable":true,"href":"https:\/\/cyclingpro.net\/velopro\/wp-json\/wp\/v2\/comments?post=162302"}],"version-history":[{"count":0,"href":"https:\/\/cyclingpro.net\/velopro\/wp-json\/wp\/v2\/posts\/162302\/revisions"}],"wp:featuredmedia":[{"embeddable":true,"href":"https:\/\/cyclingpro.net\/velopro\/wp-json\/wp\/v2\/media\/162301"}],"wp:attachment":[{"href":"https:\/\/cyclingpro.net\/velopro\/wp-json\/wp\/v2\/media?parent=162302"}],"wp:term":[{"taxonomy":"category","embeddable":true,"href":"https:\/\/cyclingpro.net\/velopro\/wp-json\/wp\/v2\/categories?post=162302"},{"taxonomy":"post_tag","embeddable":true,"href":"https:\/\/cyclingpro.net\/velopro\/wp-json\/wp\/v2\/tags?post=162302"}],"curies":[{"name":"wp","href":"https:\/\/api.w.org\/{rel}","templated":true}]}}