{"id":162300,"date":"2025-11-11T15:35:08","date_gmt":"2025-11-11T14:35:08","guid":{"rendered":"https:\/\/cyclingpro.net\/velopro\/uncategorized\/padovani-polo-cherry-bank-signe-stefano-masciarelli-une-grande-opportunite-que-je-veux-saisir\/"},"modified":"2025-11-11T15:35:08","modified_gmt":"2025-11-11T14:35:08","slug":"padovani-polo-cherry-bank-signe-stefano-masciarelli-une-grande-opportunite-que-je-veux-saisir","status":"publish","type":"post","link":"https:\/\/cyclingpro.net\/velopro\/autre\/padovani-polo-cherry-bank-signe-stefano-masciarelli-une-grande-opportunite-que-je-veux-saisir\/","title":{"rendered":"Padovani Polo Cherry Bank, sign\u00e9 Stefano Masciarelli : \u00ab\u00a0Une grande opportunit\u00e9 que je veux saisir\u00a0\u00bb."},"content":{"rendered":"<p><strong>Stefano Masciarelli<\/strong> rejoint l&rsquo;effectif 2026 de la <strong>Padovani Polo Cherry Bank<\/strong>. La promotion 2006, membre de la c\u00e9l\u00e8bre dynastie des coureurs des Abruzzes et fr\u00e8re cadet de Lorenzo (<a href=\"https:\/\/cyclingpro.net\/spaziociclismo\/ciclomercato\/mbh-bank-ballan-csb-lorenzo-masciarelli-sara-pro-nel-2026-con-la-squadra-il-2025-e-stato-positivo-sento-di-poter-migliorare-ulteriormente\/\">qui passera pro&rsquo; avec MBH Bank Ballan CSB<\/a>), rejoint l&rsquo;\u00e9quipe continentale italienne apr\u00e8s avoir abord\u00e9 sa premi\u00e8re saison chez les moins de 23 ans cette ann\u00e9e sous le maillot de l&rsquo;Aran Cucine Vejus. \u00c2g\u00e9 de 19 ans avec des caract\u00e9ristiques de grimpeur, mais \u00e9galement capable de briller sur des parcours mixtes et plats, Masciarelli a obtenu plusieurs classements dans ce 2025 et a remport\u00e9 le classement g\u00e9n\u00e9ral de la Coppa del Mobilio, participant \u00e9galement au Giro Next Gen.<\/p>\n<p>\u00ab\u00a0Je suis ravi d&rsquo;avoir rejoint une \u00e9quipe de premier plan comme Padovani : d\u00e8s la premi\u00e8re rencontre, j&rsquo;ai trouv\u00e9 un environnement professionnel et, en m\u00eame temps, tr\u00e8s familier\u00a0\u00bb, a d\u00e9clar\u00e9 Masciarelli. \u00ab\u00a02026 sera une saison fondamentale pour ma croissance, pouvoir compter sur une \u00e9quipe de ce niveau sera une grande opportunit\u00e9 que je veux saisir. J&rsquo;ai h\u00e2te de retrouver l&rsquo;\u00e9quipe pour lui rendre la confiance qu&rsquo;elle m&rsquo;a accord\u00e9e\u00a0\u00bb, a-t-il ajout\u00e9.<\/p>\n","protected":false},"excerpt":{"rendered":"<p>Stefano Masciarelli rejoint l&rsquo;effectif 2026 de la Padovani Polo Cherry Bank. La promotion 2006, membre de la c\u00e9l\u00e8bre dynastie des coureurs des Abruzzes et fr\u00e8re cadet de Lorenzo (qui passera pro&rsquo; avec MBH Bank Ballan CSB), rejoint l&rsquo;\u00e9quipe continentale italienne apr\u00e8s avoir abord\u00e9 sa premi\u00e8re saison chez les moins de 23 ans cette ann\u00e9e sous &hellip;<\/p>\n","protected":false},"author":20,"featured_media":162299,"comment_status":"open","ping_status":"open","sticky":false,"template":"","format":"standard","meta":{"footnotes":""},"categories":[3],"tags":[],"class_list":["post-162300","post","type-post","status-publish","format-standard","has-post-thumbnail","hentry","category-autre"],"_links":{"self":[{"href":"https:\/\/cyclingpro.net\/velopro\/wp-json\/wp\/v2\/posts\/162300","targetHints":{"allow":["GET"]}}],"collection":[{"href":"https:\/\/cyclingpro.net\/velopro\/wp-json\/wp\/v2\/posts"}],"about":[{"href":"https:\/\/cyclingpro.net\/velopro\/wp-json\/wp\/v2\/types\/post"}],"author":[{"embeddable":true,"href":"https:\/\/cyclingpro.net\/velopro\/wp-json\/wp\/v2\/users\/20"}],"replies":[{"embeddable":true,"href":"https:\/\/cyclingpro.net\/velopro\/wp-json\/wp\/v2\/comments?post=162300"}],"version-history":[{"count":0,"href":"https:\/\/cyclingpro.net\/velopro\/wp-json\/wp\/v2\/posts\/162300\/revisions"}],"wp:featuredmedia":[{"embeddable":true,"href":"https:\/\/cyclingpro.net\/velopro\/wp-json\/wp\/v2\/media\/162299"}],"wp:attachment":[{"href":"https:\/\/cyclingpro.net\/velopro\/wp-json\/wp\/v2\/media?parent=162300"}],"wp:term":[{"taxonomy":"category","embeddable":true,"href":"https:\/\/cyclingpro.net\/velopro\/wp-json\/wp\/v2\/categories?post=162300"},{"taxonomy":"post_tag","embeddable":true,"href":"https:\/\/cyclingpro.net\/velopro\/wp-json\/wp\/v2\/tags?post=162300"}],"curies":[{"name":"wp","href":"https:\/\/api.w.org\/{rel}","templated":true}]}}