{"id":162298,"date":"2025-11-11T15:15:16","date_gmt":"2025-11-11T14:15:16","guid":{"rendered":"https:\/\/cyclingpro.net\/velopro\/uncategorized\/biesse-carrera-premac-de-soudal-devo-vient-renato-favero-je-veux-mimpliquer-et-essayer-dobtenir-le-plus-de-resultats-possibles\/"},"modified":"2025-11-11T15:15:16","modified_gmt":"2025-11-11T14:15:16","slug":"biesse-carrera-premac-de-soudal-devo-vient-renato-favero-je-veux-mimpliquer-et-essayer-dobtenir-le-plus-de-resultats-possibles","status":"publish","type":"post","link":"https:\/\/cyclingpro.net\/velopro\/autre\/biesse-carrera-premac-de-soudal-devo-vient-renato-favero-je-veux-mimpliquer-et-essayer-dobtenir-le-plus-de-resultats-possibles\/","title":{"rendered":"Biesse-Carrera-Premac, de Soudal Devo vient Renato Favero : \u00ab\u00a0Je veux m&rsquo;impliquer et essayer d&rsquo;obtenir le plus de r\u00e9sultats possibles\u00a0\u00bb."},"content":{"rendered":"<p>Une nouvelle op\u00e9ration <strong>CycleMarket<\/strong> pour le <strong>Biesse-Carrera-Premac<\/strong>, qui annonce sa sixi\u00e8me signature pour 2026. Rejoignant la formation continentale italienne, <strong>Renato Favero<\/strong>, 20 ans, fait partie depuis deux ans de Soudal Quick-Step Devo, l&rsquo;\u00e9quipe de d\u00e9veloppement de l&rsquo;\u00e9quipe Wolfpack. Cette ann\u00e9e, le coureur de Vicence a remport\u00e9 une victoire \u00e0 l&rsquo;Omloop Mandel-Leie-Schelde, une course du calendrier national belge, et a \u00e9galement termin\u00e9 quatri\u00e8me du contre-la-montre aux championnats italiens des moins de 23 ans, mais ses r\u00e9sultats les plus importants ont \u00e9t\u00e9 obtenus sur la piste, avec une m\u00e9daille d&rsquo;argent europ\u00e9enne des moins de 23 ans dans la poursuite individuelle et une m\u00e9daille de bronze dans la poursuite par \u00e9quipes, ainsi que deux quatri\u00e8mes places dans l&rsquo;\u00e9preuve continentale \u00e9lite, toujours dans les m\u00eames sp\u00e9cialit\u00e9s, et une participation aux championnats du monde \u00e0 Santiago du Chili.<\/p>\n<p>\u00ab\u00a0J&rsquo;ai choisi le Team Biesse Carrera Premac parce que je le consid\u00e8re comme l&rsquo;un des meilleurs dans le panorama italien<\/strong> &#8211; les mots de Favero &#8211; Les r\u00e9sultats obtenus cette ann\u00e9e sont \u00e9galement dus au fait qu&rsquo;il y a un groupe uni. Mes caract\u00e9ristiques ? Je suis un passeur, un peu coureur de classiques, mon r\u00eave est Paris-Roubaix. <J'ai eu des ann\u00e9es de maturation, je veux me mettre sur la ligne et essayer de gagner le plus de r\u00e9sultats possibles<\/strong>\u00ab\u00a0.<\/p>\n","protected":false},"excerpt":{"rendered":"<p>Une nouvelle op\u00e9ration CycleMarket pour le Biesse-Carrera-Premac, qui annonce sa sixi\u00e8me signature pour 2026. Rejoignant la formation continentale italienne, Renato Favero, 20 ans, fait partie depuis deux ans de Soudal Quick-Step Devo, l&rsquo;\u00e9quipe de d\u00e9veloppement de l&rsquo;\u00e9quipe Wolfpack. Cette ann\u00e9e, le coureur de Vicence a remport\u00e9 une victoire \u00e0 l&rsquo;Omloop Mandel-Leie-Schelde, une course du calendrier &hellip;<\/p>\n","protected":false},"author":20,"featured_media":162297,"comment_status":"open","ping_status":"open","sticky":false,"template":"","format":"standard","meta":{"footnotes":""},"categories":[3],"tags":[],"class_list":["post-162298","post","type-post","status-publish","format-standard","has-post-thumbnail","hentry","category-autre"],"_links":{"self":[{"href":"https:\/\/cyclingpro.net\/velopro\/wp-json\/wp\/v2\/posts\/162298","targetHints":{"allow":["GET"]}}],"collection":[{"href":"https:\/\/cyclingpro.net\/velopro\/wp-json\/wp\/v2\/posts"}],"about":[{"href":"https:\/\/cyclingpro.net\/velopro\/wp-json\/wp\/v2\/types\/post"}],"author":[{"embeddable":true,"href":"https:\/\/cyclingpro.net\/velopro\/wp-json\/wp\/v2\/users\/20"}],"replies":[{"embeddable":true,"href":"https:\/\/cyclingpro.net\/velopro\/wp-json\/wp\/v2\/comments?post=162298"}],"version-history":[{"count":0,"href":"https:\/\/cyclingpro.net\/velopro\/wp-json\/wp\/v2\/posts\/162298\/revisions"}],"wp:featuredmedia":[{"embeddable":true,"href":"https:\/\/cyclingpro.net\/velopro\/wp-json\/wp\/v2\/media\/162297"}],"wp:attachment":[{"href":"https:\/\/cyclingpro.net\/velopro\/wp-json\/wp\/v2\/media?parent=162298"}],"wp:term":[{"taxonomy":"category","embeddable":true,"href":"https:\/\/cyclingpro.net\/velopro\/wp-json\/wp\/v2\/categories?post=162298"},{"taxonomy":"post_tag","embeddable":true,"href":"https:\/\/cyclingpro.net\/velopro\/wp-json\/wp\/v2\/tags?post=162298"}],"curies":[{"name":"wp","href":"https:\/\/api.w.org\/{rel}","templated":true}]}}