{"id":162296,"date":"2025-11-11T14:43:19","date_gmt":"2025-11-11T13:43:19","guid":{"rendered":"https:\/\/cyclingpro.net\/velopro\/uncategorized\/superprestige-lucinda-brand-domine-a-niel-devant-la-nouvelle-championne-europeenne-inge-van-der-heijden\/"},"modified":"2025-11-11T14:43:19","modified_gmt":"2025-11-11T13:43:19","slug":"superprestige-lucinda-brand-domine-a-niel-devant-la-nouvelle-championne-europeenne-inge-van-der-heijden","status":"publish","type":"post","link":"https:\/\/cyclingpro.net\/velopro\/autre\/superprestige-lucinda-brand-domine-a-niel-devant-la-nouvelle-championne-europeenne-inge-van-der-heijden\/","title":{"rendered":"Superprestige, Lucinda Brand domine \u00e0 Niel devant la nouvelle championne europ\u00e9enne Inge Van Der Heijden"},"content":{"rendered":"<p>Victoire incontest\u00e9e pour <strong>Lucinda Brand<\/strong> dans le <strong>Jaarmarktcross<\/strong> de <strong>Niel<\/strong>. La <strong>Baloise Glowi Lions<\/strong> a domin\u00e9 la troisi\u00e8me manche du <strong>Superprestige<\/strong>, faisant la diff\u00e9rence d\u00e8s le deuxi\u00e8me des huit tours au programme pour triompher avec une marge de 47 secondes sur sa compatriote et nouvelle championne d&rsquo;Europe<strong> Inge Van Der Heijden<\/strong> (Crelan-Corendon). Le podium est compl\u00e9t\u00e9 par une autre N\u00e9erlandaise, <strong>Aniek Van Alphen<\/strong> (Seven Racing), qui termine \u00e0 1&rsquo;17\u00a0\u00bb, alors que <strong>Sara Casasola<\/strong> (Crelan-Corendon) n&rsquo;a pas pris le d\u00e9part de la course, <a href=\"https:\/\/cyclingpro.net\/spaziociclismo\/altro\/ciclocross\/ciclocross-sara-casasola-non-recupera-dalla-caduta-delleuropeo-e-rinuncia-al-superprestige-di-niel\/\">s&rsquo;\u00e9tant pr\u00e9sent\u00e9e peu avant le d\u00e9part apr\u00e8s un malaise<\/a>. L&rsquo;Italienne a donc perdu la t\u00eate du classement g\u00e9n\u00e9ral de l&rsquo;\u00e9preuve au profit de son co\u00e9quipier Van Der Heijden, qui, avec 37 points, compte d\u00e9sormais deux points d&rsquo;avance sur Van Alphen et huit sur <strong>H\u00e9lene Clauzel<\/strong>, Brand et Casasola elle-m\u00eame.<\/p>\n","protected":false},"excerpt":{"rendered":"<p>Victoire incontest\u00e9e pour Lucinda Brand dans le Jaarmarktcross de Niel. La Baloise Glowi Lions a domin\u00e9 la troisi\u00e8me manche du Superprestige, faisant la diff\u00e9rence d\u00e8s le deuxi\u00e8me des huit tours au programme pour triompher avec une marge de 47 secondes sur sa compatriote et nouvelle championne d&rsquo;Europe Inge Van Der Heijden (Crelan-Corendon). Le podium est &hellip;<\/p>\n","protected":false},"author":20,"featured_media":162295,"comment_status":"open","ping_status":"open","sticky":false,"template":"","format":"standard","meta":{"footnotes":""},"categories":[3],"tags":[],"class_list":["post-162296","post","type-post","status-publish","format-standard","has-post-thumbnail","hentry","category-autre"],"_links":{"self":[{"href":"https:\/\/cyclingpro.net\/velopro\/wp-json\/wp\/v2\/posts\/162296","targetHints":{"allow":["GET"]}}],"collection":[{"href":"https:\/\/cyclingpro.net\/velopro\/wp-json\/wp\/v2\/posts"}],"about":[{"href":"https:\/\/cyclingpro.net\/velopro\/wp-json\/wp\/v2\/types\/post"}],"author":[{"embeddable":true,"href":"https:\/\/cyclingpro.net\/velopro\/wp-json\/wp\/v2\/users\/20"}],"replies":[{"embeddable":true,"href":"https:\/\/cyclingpro.net\/velopro\/wp-json\/wp\/v2\/comments?post=162296"}],"version-history":[{"count":0,"href":"https:\/\/cyclingpro.net\/velopro\/wp-json\/wp\/v2\/posts\/162296\/revisions"}],"wp:featuredmedia":[{"embeddable":true,"href":"https:\/\/cyclingpro.net\/velopro\/wp-json\/wp\/v2\/media\/162295"}],"wp:attachment":[{"href":"https:\/\/cyclingpro.net\/velopro\/wp-json\/wp\/v2\/media?parent=162296"}],"wp:term":[{"taxonomy":"category","embeddable":true,"href":"https:\/\/cyclingpro.net\/velopro\/wp-json\/wp\/v2\/categories?post=162296"},{"taxonomy":"post_tag","embeddable":true,"href":"https:\/\/cyclingpro.net\/velopro\/wp-json\/wp\/v2\/tags?post=162296"}],"curies":[{"name":"wp","href":"https:\/\/api.w.org\/{rel}","templated":true}]}}