{"id":162292,"date":"2025-11-11T12:15:30","date_gmt":"2025-11-11T11:15:30","guid":{"rendered":"https:\/\/cyclingpro.net\/velopro\/uncategorized\/tour-du-portugal-lavenir-de-la-course-en-jeu-la-federation-locale-resilie-le-contrat-avec-la-societe-organisatrice\/"},"modified":"2025-11-11T12:15:30","modified_gmt":"2025-11-11T11:15:30","slug":"tour-du-portugal-lavenir-de-la-course-en-jeu-la-federation-locale-resilie-le-contrat-avec-la-societe-organisatrice","status":"publish","type":"post","link":"https:\/\/cyclingpro.net\/velopro\/autre\/tour-du-portugal-lavenir-de-la-course-en-jeu-la-federation-locale-resilie-le-contrat-avec-la-societe-organisatrice\/","title":{"rendered":"Tour du Portugal, l&rsquo;avenir de la course en jeu : la f\u00e9d\u00e9ration locale r\u00e9silie le contrat avec la soci\u00e9t\u00e9 organisatrice"},"content":{"rendered":"<p>Changement de d\u00e9cor brutal pour l&rsquo;avenir du <strong>Tiro del Portugal<\/strong>. <\/strong>La course \u00e0 \u00e9tapes portugaise, l&rsquo;une des plus longues du calendrier international si l&rsquo;on exclut les grands tours, pourrait ne pas avoir lieu en 2026. La course lusitanienne, qui a mis \u00e0 l&rsquo;honneur la cat\u00e9gorie UCI 2.1 ces derni\u00e8res saisons, fait l&rsquo;objet de tensions entre la f\u00e9d\u00e9ration cycliste locale et la soci\u00e9t\u00e9 qui l&rsquo;a organis\u00e9e de 2017 \u00e0 aujourd&rsquo;hui, \u00e0 savoir Podium Events. En effet, la Federa\u00e7\u00e3o Portuguesa de Ciclismo (FPC) a annonc\u00e9 qu&rsquo;elle mettait fin au contrat par lequel elle conc\u00e9dait l&rsquo;organisation et la gestion commerciale de la Volta a Portugal, avec effet imm\u00e9diat.<\/p>\n<p>La d\u00e9cision de la FPC affecte \u00e9galement la version jeune du Tour du Portugal (<strong>Volta a Portugal do Futuro<\/strong>) et la <strong>Volta ao Alentejo<\/strong>, une autre \u00e9preuve par \u00e9tapes tr\u00e8s bien implant\u00e9e dans le calendrier lusitanien (cat\u00e9gorie UCI 2.2). La nouvelle est rapport\u00e9e par <a href=\"https:\/\/www.rtp.pt\/noticias\/outras-modalidades\/federacao-de-ciclismo-antecipa-fim-da-concessao-da-volta-a-portugal-por-incumprimento_d1697294\" target=\"_blank\" rel=\"noopener\"><em>RTP<\/em><\/a>, qui cite une note de la f\u00e9d\u00e9ration dans laquelle elle parle de \u00ab\u00a0<strong>non-respect r\u00e9it\u00e9r\u00e9 des obligations contractuelles et de paiement par Podium Events<\/strong>, une situation qui s&rsquo;est aggrav\u00e9e au cours de l&rsquo;ann\u00e9e \u00e9coul\u00e9e, malgr\u00e9 plusieurs tentatives de r\u00e9solution \u00e0 l&rsquo;amiable que nous avons propos\u00e9es\u00a0\u00bb.<\/p>\n<p><a href='https:\/\/cyclingpro.net\/spaziociclismo\/calendario\/uci-calendario-completo-ciclismo-2026\/\" target=\"_blank\" rel=\"noopener\">Le Tour du Portugal 2026 aurait d\u00e9j\u00e0 sa place dans le calendrier, du 6 au 18 ao\u00fbt<\/a>, mais il faudra d\u00e9sormais attendre les d\u00e9veloppements de l&rsquo;affaire pour savoir si la course aura bien lieu : \u00ab\u00a0En tant que f\u00e9d\u00e9ration, nous prendrons bient\u00f4t les d\u00e9cisions n\u00e9cessaires concernant le nouveau mod\u00e8le d&rsquo;organisation du Tour du Portugal et des autres courses qui faisaient partie du pr\u00e9c\u00e9dent contrat de concession &#8211; les mots inclus dans la d\u00e9claration officielle de la FPC &#8211; Nous visons \u00e0 assurer la d\u00e9fense de l&rsquo;int\u00e9r\u00eat public, du cyclisme portugais dans son ensemble et de la course elle-m\u00eame. <Podium Events a fait son travail, mais le respect des obligations contractuelles est essentiel<\/strong>\u00ab\u00a0.<\/p>\n","protected":false},"excerpt":{"rendered":"<p>Changement de d\u00e9cor brutal pour l&rsquo;avenir du Tiro del Portugal. La course \u00e0 \u00e9tapes portugaise, l&rsquo;une des plus longues du calendrier international si l&rsquo;on exclut les grands tours, pourrait ne pas avoir lieu en 2026. La course lusitanienne, qui a mis \u00e0 l&rsquo;honneur la cat\u00e9gorie UCI 2.1 ces derni\u00e8res saisons, fait l&rsquo;objet de tensions entre &hellip;<\/p>\n","protected":false},"author":20,"featured_media":162291,"comment_status":"open","ping_status":"open","sticky":false,"template":"","format":"standard","meta":{"footnotes":""},"categories":[3],"tags":[],"class_list":["post-162292","post","type-post","status-publish","format-standard","has-post-thumbnail","hentry","category-autre"],"_links":{"self":[{"href":"https:\/\/cyclingpro.net\/velopro\/wp-json\/wp\/v2\/posts\/162292","targetHints":{"allow":["GET"]}}],"collection":[{"href":"https:\/\/cyclingpro.net\/velopro\/wp-json\/wp\/v2\/posts"}],"about":[{"href":"https:\/\/cyclingpro.net\/velopro\/wp-json\/wp\/v2\/types\/post"}],"author":[{"embeddable":true,"href":"https:\/\/cyclingpro.net\/velopro\/wp-json\/wp\/v2\/users\/20"}],"replies":[{"embeddable":true,"href":"https:\/\/cyclingpro.net\/velopro\/wp-json\/wp\/v2\/comments?post=162292"}],"version-history":[{"count":0,"href":"https:\/\/cyclingpro.net\/velopro\/wp-json\/wp\/v2\/posts\/162292\/revisions"}],"wp:featuredmedia":[{"embeddable":true,"href":"https:\/\/cyclingpro.net\/velopro\/wp-json\/wp\/v2\/media\/162291"}],"wp:attachment":[{"href":"https:\/\/cyclingpro.net\/velopro\/wp-json\/wp\/v2\/media?parent=162292"}],"wp:term":[{"taxonomy":"category","embeddable":true,"href":"https:\/\/cyclingpro.net\/velopro\/wp-json\/wp\/v2\/categories?post=162292"},{"taxonomy":"post_tag","embeddable":true,"href":"https:\/\/cyclingpro.net\/velopro\/wp-json\/wp\/v2\/tags?post=162292"}],"curies":[{"name":"wp","href":"https:\/\/api.w.org\/{rel}","templated":true}]}}