{"id":162290,"date":"2025-11-11T11:07:20","date_gmt":"2025-11-11T10:07:20","guid":{"rendered":"https:\/\/cyclingpro.net\/velopro\/uncategorized\/burgos-burpellet-bh-arrivee-officielle-de-jesus-herrada-jai-ressenti-le-besoin-dun-changement-et-je-voulais-revenir-dans-une-equipe-espagnole\/"},"modified":"2025-11-11T11:07:20","modified_gmt":"2025-11-11T10:07:20","slug":"burgos-burpellet-bh-arrivee-officielle-de-jesus-herrada-jai-ressenti-le-besoin-dun-changement-et-je-voulais-revenir-dans-une-equipe-espagnole","status":"publish","type":"post","link":"https:\/\/cyclingpro.net\/velopro\/autre\/burgos-burpellet-bh-arrivee-officielle-de-jesus-herrada-jai-ressenti-le-besoin-dun-changement-et-je-voulais-revenir-dans-une-equipe-espagnole\/","title":{"rendered":"Burgos Burpellet BH, arriv\u00e9e officielle de Jesus Herrada : \u00ab\u00a0J&rsquo;ai ressenti le besoin d&rsquo;un changement et je voulais revenir dans une \u00e9quipe espagnole\u00a0\u00bb."},"content":{"rendered":"<p>Jesus Herrada d\u00e9barque \u00e0 Burgos Burpellet BH. Comme pressenti ces derniers jours, le coureur espagnol quitte Cofidis apr\u00e8s huit ans pour revenir courir dans une \u00e9quipe espagnole. Ayant grandi \u00e0 Caja Rural, il \u00e9tait pass\u00e9 professionnel en 2011 chez Movistar, avec qui il avait ensuite couru jusqu&rsquo;en 2017, avant les adieux qui l&rsquo;ont vu arriver dans l&rsquo;\u00e9quipe fran\u00e7aise, qui \u00e9voluait \u00e0 l&rsquo;\u00e9poque en deuxi\u00e8me division. C&rsquo;est avec le maillot de l&rsquo;\u00e9quipe transalpine qu&rsquo;il a remport\u00e9 la plupart de ses succ\u00e8s, avec notamment trois \u00e9tapes de la Vuelta a Espa\u00f1a, ainsi que quelques belles courses comme le Tour du Luxembourg, le Challenge Mallorca et quelques courses du calendrier national fran\u00e7ais, pour un total de 21 succ\u00e8s en carri\u00e8re.<\/p>\n<p>Grimpeur \u00e9galement dou\u00e9 d&rsquo;un bon sprint rapide, il sera \u00e9videmment l&rsquo;une des r\u00e9f\u00e9rences d&rsquo;une \u00e9quipe \u00e0 laquelle il apportera sa longue exp\u00e9rience, mais le coureur de 35 ans souhaite manifestement encore faire sa propre marque. \u00ab\u00a0Je suis tr\u00e8s heureux d&rsquo;avoir sign\u00e9 avec Burgos Burpellet BH pour la saison 2026\u00a0\u00bb, a comment\u00e9 le coureur de 1990. \u00ab\u00a0Je voulais rejoindre une \u00e9quipe espagnole et je pense que c&rsquo;\u00e9tait la meilleure option. L&rsquo;\u00e9quipe a un excellent calendrier et de nombreuses courses qui correspondent \u00e0 mon profil. J&rsquo;ai h\u00e2te que la prochaine saison commence et que je fasse la connaissance de mes nouveaux co\u00e9quipiers, qu&rsquo;il s&rsquo;agisse des pilotes ou du personnel. J&rsquo;essaierai de me battre \u00e0 nouveau pour remporter des victoires. Ce serait tr\u00e8s important pour moi et pour l&rsquo;\u00e9quipe. En plus du d\u00e9sir et de l&rsquo;objectif de revenir \u00e0 la Vuelta et de lutter pour une quatri\u00e8me victoire d&rsquo;\u00e9tape.<\/p>\n<p>Le double champion national sur route, dont les deux victoires ont \u00e9t\u00e9 remport\u00e9es sous le maillot de Movistar, ainsi qu&rsquo;un succ\u00e8s prestigieux au Tour du Dauphin\u00e9, explique sa d\u00e9cision : \u00ab\u00a0Apr\u00e8s huit ans en France avec Cofidis, j&rsquo;ai ressenti le besoin d&rsquo;un changement pour renouveler cet enthousiasme et le moment est venu. Ces deux derni\u00e8res ann\u00e9es ont \u00e9t\u00e9 un peu plus difficiles, surtout en 2024 \u00e0 cause des chutes. Mais en 2025, j&rsquo;ai retrouv\u00e9 de bonnes sensations et je me vois toujours tr\u00e8s comp\u00e9titif et capable de rester en t\u00eate dans de nombreuses courses. Je suis heureux de continuer une ann\u00e9e de plus avec le Burgos Burpellet BH. Ce sera \u00e9galement sp\u00e9cial parce que c&rsquo;est la premi\u00e8re \u00e9quipe professionnelle dans laquelle mon fr\u00e8re Jos\u00e9 a couru.<\/p>\n<p>Bien entendu, le directeur sportif Damien Garci ne cache pas sa satisfaction et souligne clairement l&rsquo;importance de son arriv\u00e9e : \u00ab\u00a0Jes\u00fas Herrada est un coureur qui n&rsquo;a pas besoin d&rsquo;\u00eatre pr\u00e9sent\u00e9. Il a un palmar\u00e8s et une histoire importante dans le cyclisme. Il est toujours tr\u00e8s motiv\u00e9 et enthousiaste \u00e0 l&rsquo;id\u00e9e de courir. Il sera certainement un grand capitaine de route et un leader pour l&rsquo;\u00e9quipe. Nous sommes ravis de travailler avec lui et nous avons h\u00e2te de planifier la saison prochaine. Nous sommes convaincus qu&rsquo;il s&rsquo;adaptera bien \u00e0 l&rsquo;\u00e9quipe et qu&rsquo;il r\u00e9alisera une excellente saison 2026.<\/p>\n","protected":false},"excerpt":{"rendered":"<p>Jesus Herrada d\u00e9barque \u00e0 Burgos Burpellet BH. Comme pressenti ces derniers jours, le coureur espagnol quitte Cofidis apr\u00e8s huit ans pour revenir courir dans une \u00e9quipe espagnole. Ayant grandi \u00e0 Caja Rural, il \u00e9tait pass\u00e9 professionnel en 2011 chez Movistar, avec qui il avait ensuite couru jusqu&rsquo;en 2017, avant les adieux qui l&rsquo;ont vu arriver &hellip;<\/p>\n","protected":false},"author":20,"featured_media":162289,"comment_status":"open","ping_status":"open","sticky":false,"template":"","format":"standard","meta":{"footnotes":""},"categories":[3],"tags":[],"class_list":["post-162290","post","type-post","status-publish","format-standard","has-post-thumbnail","hentry","category-autre"],"_links":{"self":[{"href":"https:\/\/cyclingpro.net\/velopro\/wp-json\/wp\/v2\/posts\/162290","targetHints":{"allow":["GET"]}}],"collection":[{"href":"https:\/\/cyclingpro.net\/velopro\/wp-json\/wp\/v2\/posts"}],"about":[{"href":"https:\/\/cyclingpro.net\/velopro\/wp-json\/wp\/v2\/types\/post"}],"author":[{"embeddable":true,"href":"https:\/\/cyclingpro.net\/velopro\/wp-json\/wp\/v2\/users\/20"}],"replies":[{"embeddable":true,"href":"https:\/\/cyclingpro.net\/velopro\/wp-json\/wp\/v2\/comments?post=162290"}],"version-history":[{"count":0,"href":"https:\/\/cyclingpro.net\/velopro\/wp-json\/wp\/v2\/posts\/162290\/revisions"}],"wp:featuredmedia":[{"embeddable":true,"href":"https:\/\/cyclingpro.net\/velopro\/wp-json\/wp\/v2\/media\/162289"}],"wp:attachment":[{"href":"https:\/\/cyclingpro.net\/velopro\/wp-json\/wp\/v2\/media?parent=162290"}],"wp:term":[{"taxonomy":"category","embeddable":true,"href":"https:\/\/cyclingpro.net\/velopro\/wp-json\/wp\/v2\/categories?post=162290"},{"taxonomy":"post_tag","embeddable":true,"href":"https:\/\/cyclingpro.net\/velopro\/wp-json\/wp\/v2\/tags?post=162290"}],"curies":[{"name":"wp","href":"https:\/\/api.w.org\/{rel}","templated":true}]}}