{"id":162286,"date":"2025-11-11T10:19:09","date_gmt":"2025-11-11T09:19:09","guid":{"rendered":"https:\/\/cyclingpro.net\/velopro\/uncategorized\/giro-ditalia-2025-presentation-officielle-confirmee-le-1er-decembre-a-rome\/"},"modified":"2025-11-11T10:19:09","modified_gmt":"2025-11-11T09:19:09","slug":"giro-ditalia-2025-presentation-officielle-confirmee-le-1er-decembre-a-rome","status":"publish","type":"post","link":"https:\/\/cyclingpro.net\/velopro\/autre\/giro-ditalia-2025-presentation-officielle-confirmee-le-1er-decembre-a-rome\/","title":{"rendered":"Giro d&rsquo;Italia 2025, pr\u00e9sentation officielle confirm\u00e9e le 1er d\u00e9cembre \u00e0 Rome"},"content":{"rendered":"<p>Nous conna\u00eetrons le Parcours officiel du Giro d&rsquo;Italia 2025 le 1er d\u00e9cembre. Comme pr\u00e9vu ces derniers jours, RCS Sport a donc confirm\u00e9 la date de la pr\u00e9sentation officielle, un \u00e9v\u00e9nement qui aura lieu \u00e0 Rome, comme l&rsquo;ann\u00e9e derni\u00e8re, dans la Sala Petrassi de l&rsquo;Auditorium Parco della Musica Ennio Morricone. Un lieu qui donne des indications suppl\u00e9mentaires sur ce qui sera \u00e0 nouveau la Grande Finale de la Corsa Rosa, la capitale se pr\u00e9parant ainsi \u00e0 poursuivre ce qu&rsquo;elle esp\u00e8re devenir une tradition. Dans le m\u00eame temps, l&rsquo;organisateur d\u00e9voilera \u00e9galement les d\u00e9tails du Giro d&rsquo;Italia Women.<\/p>\n","protected":false},"excerpt":{"rendered":"<p>Nous conna\u00eetrons le Parcours officiel du Giro d&rsquo;Italia 2025 le 1er d\u00e9cembre. Comme pr\u00e9vu ces derniers jours, RCS Sport a donc confirm\u00e9 la date de la pr\u00e9sentation officielle, un \u00e9v\u00e9nement qui aura lieu \u00e0 Rome, comme l&rsquo;ann\u00e9e derni\u00e8re, dans la Sala Petrassi de l&rsquo;Auditorium Parco della Musica Ennio Morricone. Un lieu qui donne des indications &hellip;<\/p>\n","protected":false},"author":20,"featured_media":162285,"comment_status":"open","ping_status":"open","sticky":false,"template":"","format":"standard","meta":{"footnotes":""},"categories":[3],"tags":[],"class_list":["post-162286","post","type-post","status-publish","format-standard","has-post-thumbnail","hentry","category-autre"],"_links":{"self":[{"href":"https:\/\/cyclingpro.net\/velopro\/wp-json\/wp\/v2\/posts\/162286","targetHints":{"allow":["GET"]}}],"collection":[{"href":"https:\/\/cyclingpro.net\/velopro\/wp-json\/wp\/v2\/posts"}],"about":[{"href":"https:\/\/cyclingpro.net\/velopro\/wp-json\/wp\/v2\/types\/post"}],"author":[{"embeddable":true,"href":"https:\/\/cyclingpro.net\/velopro\/wp-json\/wp\/v2\/users\/20"}],"replies":[{"embeddable":true,"href":"https:\/\/cyclingpro.net\/velopro\/wp-json\/wp\/v2\/comments?post=162286"}],"version-history":[{"count":0,"href":"https:\/\/cyclingpro.net\/velopro\/wp-json\/wp\/v2\/posts\/162286\/revisions"}],"wp:featuredmedia":[{"embeddable":true,"href":"https:\/\/cyclingpro.net\/velopro\/wp-json\/wp\/v2\/media\/162285"}],"wp:attachment":[{"href":"https:\/\/cyclingpro.net\/velopro\/wp-json\/wp\/v2\/media?parent=162286"}],"wp:term":[{"taxonomy":"category","embeddable":true,"href":"https:\/\/cyclingpro.net\/velopro\/wp-json\/wp\/v2\/categories?post=162286"},{"taxonomy":"post_tag","embeddable":true,"href":"https:\/\/cyclingpro.net\/velopro\/wp-json\/wp\/v2\/tags?post=162286"}],"curies":[{"name":"wp","href":"https:\/\/api.w.org\/{rel}","templated":true}]}}