{"id":162284,"date":"2025-11-11T09:59:37","date_gmt":"2025-11-11T08:59:37","guid":{"rendered":"https:\/\/cyclingpro.net\/velopro\/uncategorized\/mbh-bank-ballan-csb-colpack-nicolo-buratti-arrive-ici-jaurai-plus-despace-pour-mes-ambitions-personnelles\/"},"modified":"2025-11-11T09:59:37","modified_gmt":"2025-11-11T08:59:37","slug":"mbh-bank-ballan-csb-colpack-nicolo-buratti-arrive-ici-jaurai-plus-despace-pour-mes-ambitions-personnelles","status":"publish","type":"post","link":"https:\/\/cyclingpro.net\/velopro\/autre\/mbh-bank-ballan-csb-colpack-nicolo-buratti-arrive-ici-jaurai-plus-despace-pour-mes-ambitions-personnelles\/","title":{"rendered":"MBH Bank Ballan CSB Colpack, Nicol\u00f2 Buratti arrive : \u00ab\u00a0Ici, j&rsquo;aurai plus d&rsquo;espace pour mes ambitions personnelles\u00a0\u00bb."},"content":{"rendered":"<p>La MBH Bank Ballan CSB Colpack annonce une autre addition importante. Du Baharain Victorieux arrive en effet <strong>Nicol\u00f2 Buratti<\/strong>, qui apr\u00e8s deux saisons et demie dans le WorldTour pas vraiment all\u00e9 comme il l&rsquo;esp\u00e9rait cherche une occasion de relance avec la formation d&rsquo;Antonio Bevilacqua, \u00e0 partir de l&rsquo;ann\u00e9e prochaine en deuxi\u00e8me division ayant demand\u00e9 une licence professionnelle. La formation historique amateur poursuit ainsi son processus de croissance et d&rsquo;\u00e9largissement du staff avec un coureur encore jeune, n\u00e9 le 7 juillet 2001, mais qui peut d\u00e9j\u00e0 se vanter d&rsquo;une certaine exp\u00e9rience dans la cat\u00e9gorie majeure, se proposant ainsi comme l&rsquo;un des hommes de r\u00e9f\u00e9rence d&rsquo;un groupe jeune, mais non d\u00e9pourvu de coureurs de fond.<\/p>\n<p>\u00ab\u00a0Je viens de trois ans dans une \u00e9quipe WorldTour, o\u00f9 j&rsquo;ai pu affronter un calendrier de haut niveau, en acqu\u00e9rant une exp\u00e9rience consid\u00e9rable &#8211; commente le coureur du Frioul &#8211; J&rsquo;ai eu l&rsquo;opportunit\u00e9 d&rsquo;approcher la nouvelle \u00e9quipe d\u00e8s la premi\u00e8re r\u00e9union en octobre et de mieux conna\u00eetre les gens, en trouvant un personnel qualifi\u00e9 et tr\u00e8s motiv\u00e9 vers la nouvelle \u00e9tape [&#8230;] Je crois que dans cette \u00e9quipe je peux trouver plus d&rsquo;espace pour mes ambitions personnelles, et je suis certainement motiv\u00e9 pour bien faire dans une ann\u00e9e 2026 pleine de satisfaction mutuelle. Pour cette raison, je ne peux que remercier l&rsquo;\u00e9quipe de MBH Bank Ballan CSB Colpack, qui m&rsquo;a voulu dans le projet en me donnant cette opportunit\u00e9\u00a0\u00bb.<\/p>\n<p>Pour l&rsquo;accueillir, son nouveau directeur sportif, qui avec un contrat d&rsquo;un an esp\u00e8re pouvoir relancer un coureur qui, dans les cat\u00e9gories jeunes, avec le maillot de CT Friuli, avait obtenu d&rsquo;importants r\u00e9sultats sur plusieurs terrains, comme le GP Capodarco, le Giro del Friuli Venezia Giulia et Gand-Wevelgem. Nous souhaitons la bienvenue \u00e0 Nicol\u00f2, qui a toujours \u00e9t\u00e9 un talent cycliste\u00a0\u00bb, souligne-t-il, \u00ab\u00a0je crois qu&rsquo;avec nous il peut relancer sa carri\u00e8re, encore jeune, gr\u00e2ce aussi \u00e0 l&rsquo;environnement de notre groupe, qui travaille de fa\u00e7on professionnelle et avec une grande attention aux personnes. Se sentir bien dans le groupe est le premier pas pour donner le meilleur de soi-m\u00eame. Nous sommes confiants dans cette nouvelle exp\u00e9rience pleine de d\u00e9fis\u00a0\u00bb.<\/p>\n","protected":false},"excerpt":{"rendered":"<p>La MBH Bank Ballan CSB Colpack annonce une autre addition importante. Du Baharain Victorieux arrive en effet Nicol\u00f2 Buratti, qui apr\u00e8s deux saisons et demie dans le WorldTour pas vraiment all\u00e9 comme il l&rsquo;esp\u00e9rait cherche une occasion de relance avec la formation d&rsquo;Antonio Bevilacqua, \u00e0 partir de l&rsquo;ann\u00e9e prochaine en deuxi\u00e8me division ayant demand\u00e9 une &hellip;<\/p>\n","protected":false},"author":20,"featured_media":162283,"comment_status":"open","ping_status":"open","sticky":false,"template":"","format":"standard","meta":{"footnotes":""},"categories":[3],"tags":[],"class_list":["post-162284","post","type-post","status-publish","format-standard","has-post-thumbnail","hentry","category-autre"],"_links":{"self":[{"href":"https:\/\/cyclingpro.net\/velopro\/wp-json\/wp\/v2\/posts\/162284","targetHints":{"allow":["GET"]}}],"collection":[{"href":"https:\/\/cyclingpro.net\/velopro\/wp-json\/wp\/v2\/posts"}],"about":[{"href":"https:\/\/cyclingpro.net\/velopro\/wp-json\/wp\/v2\/types\/post"}],"author":[{"embeddable":true,"href":"https:\/\/cyclingpro.net\/velopro\/wp-json\/wp\/v2\/users\/20"}],"replies":[{"embeddable":true,"href":"https:\/\/cyclingpro.net\/velopro\/wp-json\/wp\/v2\/comments?post=162284"}],"version-history":[{"count":0,"href":"https:\/\/cyclingpro.net\/velopro\/wp-json\/wp\/v2\/posts\/162284\/revisions"}],"wp:featuredmedia":[{"embeddable":true,"href":"https:\/\/cyclingpro.net\/velopro\/wp-json\/wp\/v2\/media\/162283"}],"wp:attachment":[{"href":"https:\/\/cyclingpro.net\/velopro\/wp-json\/wp\/v2\/media?parent=162284"}],"wp:term":[{"taxonomy":"category","embeddable":true,"href":"https:\/\/cyclingpro.net\/velopro\/wp-json\/wp\/v2\/categories?post=162284"},{"taxonomy":"post_tag","embeddable":true,"href":"https:\/\/cyclingpro.net\/velopro\/wp-json\/wp\/v2\/tags?post=162284"}],"curies":[{"name":"wp","href":"https:\/\/api.w.org\/{rel}","templated":true}]}}