{"id":159714,"date":"2025-09-09T23:42:59","date_gmt":"2025-09-09T21:42:59","guid":{"rendered":"https:\/\/cyclingpro.net\/velopro\/uncategorized\/vuelta-a-espana-2025-top-flop-du-jour-14\/"},"modified":"2025-09-09T23:42:59","modified_gmt":"2025-09-09T21:42:59","slug":"vuelta-a-espana-2025-top-flop-du-jour-14","status":"publish","type":"post","link":"https:\/\/cyclingpro.net\/velopro\/autre\/vuelta-a-espana-2025-top-flop-du-jour-14\/","title":{"rendered":"Vuelta a Espa\u00f1a 2025, Top\/Flop du jour"},"content":{"rendered":"<p>Notre chronique r\u00e9guli\u00e8re faisant le point sur la journ\u00e9e qui vient de s&rsquo;achever sur la <strong>Vuelta a Espa\u00f1a 2025<\/strong>.<\/p>\n\n\t\t<div class=\"thumbup tie-list-shortcode\">.<\/p>\n<ul>.<\/p>\n<li><b><strong>Egan Bernal (Ineos Grenadiers)<\/strong><\/b> : Le Colombien retrouve le succ\u00e8s dans la cat\u00e9gorie reine apr\u00e8s quatre ans, portant l&#8217;embl\u00e9matique maillot de champion national qu&rsquo;il a remport\u00e9 en revenant \u00e0 la victoire pour la premi\u00e8re fois depuis la terrible chute de janvier 2022. Pour une raison ou une autre, il n&rsquo;est pas encore en mesure d&rsquo;\u00eatre aussi comp\u00e9titif au classement qu&rsquo;il le voudrait et qu&rsquo;il continue \u00e0 r\u00eaver, mais si ses jambes ne r\u00e9agissent pas toujours comme il le voudrait, sa t\u00eate est toujours celle d&rsquo;un vainqueur et il l&rsquo;a prouv\u00e9 aujourd&rsquo;hui avec beaucoup d&rsquo;opini\u00e2tret\u00e9. Nous esp\u00e9rons tous que ce sera le premier de nombreux nouveaux succ\u00e8s.<\/li>\n<p>.<\/p>\n<li><b>Mikel Landa (Soudal Quick-Step)<\/b> : L&rsquo;Espagnol a \u00e9t\u00e9 l&rsquo;initiateur de l&rsquo;action d\u00e9cisive avec une progression qui semblait \u00e0 moiti\u00e9 folle, \u00e0 60 kilom\u00e8tres de l&rsquo;arriv\u00e9e, mais qui s&rsquo;est av\u00e9r\u00e9e \u00eatre le bon moment car, ind\u00e9pendamment du fait que l&rsquo;arriv\u00e9e \u00e9tait coup\u00e9e, arriver premier m\u00eame au sommet de la mont\u00e9e en aurait \u00e9t\u00e9 un. Malheureusement pour lui, la victoire s&rsquo;est finalement jou\u00e9e au sprint, et m\u00eame pas sur une pente trop raide, un terrain qui ne lui convient d\u00e9cid\u00e9ment pas. Mais avec cette jambe, il peut essayer \u00e0 nouveau.<\/li>\n<p>.<\/p>\n<li><strong>Groupama-FDJ<\/strong> : Ils ont r\u00e9ussi \u00e0 placer trois hommes dans l&rsquo;\u00e9chapp\u00e9e du jour et deux ont termin\u00e9 dans les cinq premiers, le malchanceux Cl\u00e9ment Braz-Afonso ne se d\u00e9tachant du duo de t\u00eate que sur crevaison, tandis que Brieuc Rolland a confirm\u00e9 qu&rsquo;il \u00e9tait un talent tr\u00e8s int\u00e9ressant en d\u00e9crochant son deuxi\u00e8me podium et son troisi\u00e8me Top10 sur cette Vuelta. Le capitaine d\u00e9sign\u00e9 n&rsquo;ayant pas r\u00e9ussi \u00e0 se confirmer apr\u00e8s son splendide d\u00e9part, l&rsquo;\u00e9quipe a su se r\u00e9inventer et tenter quelque chose chaque jour, \u00e0 tel point qu&rsquo;aujourd&rsquo;hui, sans la malchance, qui sait comment les choses se seraient d\u00e9roul\u00e9es.\n<\/ul>\n\n\t\t<\/div>\n\t\n\n\t\t<div class=\"thumbdown tie-list-shortcode\">\n<ul>\n<li><b>F\u00e9lix Gall (Decathlon Ag2r La Mondiale)<\/b> : Il est sans doute le seul \u00e0 pouvoir sourire d&rsquo;avoir coup\u00e9 la derni\u00e8re c\u00f4te car le bilan de la journ\u00e9e parle de 54 secondes perdues, mais cela aurait pu \u00eatre beaucoup plus. Contraint de s&rsquo;extraire dans l&rsquo;avant-derni\u00e8re ascension de la journ\u00e9e d&rsquo;un groupe d\u00e9j\u00e0 bien entam\u00e9 mais dont il aurait normalement continu\u00e9 \u00e0 faire partie, le grimpeur autrichien a \u00e9t\u00e9 le seul grand coureur \u00e0 perdre du terrain. Apr\u00e8s la journ\u00e9e de repos, cela peut arriver, mais c&rsquo;est d\u00e9j\u00e0 son deuxi\u00e8me passage \u00e0 vide et si c&rsquo;\u00e9tait quelque chose de plus, nous le saurons bient\u00f4t.<\/li>\n<li><b>Marc Soler (UAE Team Emirates XRG)<\/b> : Cette fois, le Catalan a mal jou\u00e9 ses cartes. Il \u00e9tait l&rsquo;homme le plus r\u00e9serv\u00e9 de l&rsquo;\u00e9chapp\u00e9e au vu de ce qu&rsquo;il a montr\u00e9 jusqu&rsquo;\u00e0 pr\u00e9sent, et il se laisse happer par la nervosit\u00e9 et la tactique de ses adversaires, qui ne veulent pas beaucoup l&rsquo;aider, ce qui est compr\u00e9hensible. Au lieu de prendre ses responsabilit\u00e9s, il laisse filer l&rsquo;\u00e9chapp\u00e9e dans l&rsquo;\u00e9chapp\u00e9e, qu&rsquo;il aurait \u00e9t\u00e9 parfaitement capable de suivre, compte tenu de ce qu&rsquo;il a montr\u00e9 par la suite. Pour essayer de revenir ensuite, il passe alors trop de temps, pour se faire arr\u00eater par l&rsquo;\u00e9quipe alors qu&rsquo;il est trop tard pour encore penser \u00e0 la victoire (et d&rsquo;autre part son capitaine s&rsquo;est retrouv\u00e9 seul dans le peloton).<\/li>\n<p>.<\/p>\n<li><strong>Junior Lecerf (Soudal Quick-Step)<\/strong> : Un effondrement \u00e9tait pr\u00e9visible, mais perdre plus de deux minutes sans m\u00eame aborder la mont\u00e9e finale est la preuve que son maintien dans le top 10 risque d&rsquo;\u00eatre tr\u00e8s difficile. Il a d\u00e9j\u00e0 fait beaucoup et cette Vuelta restera en tout cas un moment important de sa carri\u00e8re pour lui, mais si on regarde les coureurs avec lesquels il a perdu le contact, il aurait pu faire mieux aujourd&rsquo;hui.<\/li>\n<p>.\n<\/ul>\n\n\t\t<\/div>\n\t\n","protected":false},"excerpt":{"rendered":"<p>Notre chronique r\u00e9guli\u00e8re faisant le point sur la journ\u00e9e qui vient de s&rsquo;achever sur la Vuelta a Espa\u00f1a 2025.<\/p>\n","protected":false},"author":20,"featured_media":159713,"comment_status":"open","ping_status":"open","sticky":false,"template":"","format":"standard","meta":{"footnotes":""},"categories":[3],"tags":[],"class_list":["post-159714","post","type-post","status-publish","format-standard","has-post-thumbnail","hentry","category-autre"],"_links":{"self":[{"href":"https:\/\/cyclingpro.net\/velopro\/wp-json\/wp\/v2\/posts\/159714","targetHints":{"allow":["GET"]}}],"collection":[{"href":"https:\/\/cyclingpro.net\/velopro\/wp-json\/wp\/v2\/posts"}],"about":[{"href":"https:\/\/cyclingpro.net\/velopro\/wp-json\/wp\/v2\/types\/post"}],"author":[{"embeddable":true,"href":"https:\/\/cyclingpro.net\/velopro\/wp-json\/wp\/v2\/users\/20"}],"replies":[{"embeddable":true,"href":"https:\/\/cyclingpro.net\/velopro\/wp-json\/wp\/v2\/comments?post=159714"}],"version-history":[{"count":0,"href":"https:\/\/cyclingpro.net\/velopro\/wp-json\/wp\/v2\/posts\/159714\/revisions"}],"wp:featuredmedia":[{"embeddable":true,"href":"https:\/\/cyclingpro.net\/velopro\/wp-json\/wp\/v2\/media\/159713"}],"wp:attachment":[{"href":"https:\/\/cyclingpro.net\/velopro\/wp-json\/wp\/v2\/media?parent=159714"}],"wp:term":[{"taxonomy":"category","embeddable":true,"href":"https:\/\/cyclingpro.net\/velopro\/wp-json\/wp\/v2\/categories?post=159714"},{"taxonomy":"post_tag","embeddable":true,"href":"https:\/\/cyclingpro.net\/velopro\/wp-json\/wp\/v2\/tags?post=159714"}],"curies":[{"name":"wp","href":"https:\/\/api.w.org\/{rel}","templated":true}]}}