{"id":159710,"date":"2025-09-09T22:07:34","date_gmt":"2025-09-09T20:07:34","guid":{"rendered":"https:\/\/cyclingpro.net\/velopro\/uncategorized\/vuelta-a-espana-2025-jonas-vingegaard-cest-une-honte-que-cela-se-soit-reproduit-cela-ne-devrait-pas-arriver\/"},"modified":"2025-09-09T22:07:34","modified_gmt":"2025-09-09T20:07:34","slug":"vuelta-a-espana-2025-jonas-vingegaard-cest-une-honte-que-cela-se-soit-reproduit-cela-ne-devrait-pas-arriver","status":"publish","type":"post","link":"https:\/\/cyclingpro.net\/velopro\/autre\/vuelta-a-espana-2025-jonas-vingegaard-cest-une-honte-que-cela-se-soit-reproduit-cela-ne-devrait-pas-arriver\/","title":{"rendered":"Vuelta a Espa\u00f1a 2025, Jonas Vingegaard : \u00ab\u00a0C&rsquo;est une honte que cela se soit reproduit, cela ne devrait pas arriver\u00a0\u00bb."},"content":{"rendered":"<p>Jonas Vingegaard a regrett\u00e9 l&rsquo;issue de la 16e \u00e9tape de la Vuelta a Espa\u00f1a 2025. Ces derniers jours, le leader de Visma | Lease a Bike avait montr\u00e9 qu&rsquo;il comprenait les raisons pour lesquelles les manifestants \u00e9taient descendus dans la rue, tout en affichant clairement sa d\u00e9ception quant \u00e0 ce que cela signifiait pour lui et le peloton. Un concept qu&rsquo;il r\u00e9it\u00e8re aujourd&rsquo;hui, \u00e0 la fin d&rsquo;une journ\u00e9e amput\u00e9e de son final, une mont\u00e9e avec des pentes difficiles qui aurait pu \u00eatre un bon terrain de bataille m\u00eame pour les hommes du classement g\u00e9n\u00e9ral, qui jusqu&rsquo;\u00e0 ce moment \u00e9taient rest\u00e9s tranquilles dans le peloton et qui, pour cette raison, sont arriv\u00e9s essentiellement tous ensemble. D&rsquo;une certaine mani\u00e8re, la Maglia Rossa en a profit\u00e9, car c&rsquo;\u00e9tait aussi une occasion de moins d&rsquo;attaquer, mais le Danois aurait voulu jouer son va-tout aujourd&rsquo;hui.<\/p>\n<p>\u00ab\u00a0Tout le monde a le droit de protester, mais c&rsquo;est une honte que cela se soit pass\u00e9 ici, comme \u00e7a, et que nous ne puissions pas terminer la course. Cela ne devrait pas arriver. L&rsquo;\u00e9quipe a bien travaill\u00e9 aujourd&rsquo;hui et j&rsquo;aurais aim\u00e9 honorer son travail dans la finale. C&rsquo;est dommage que les fans espagnols n&rsquo;aient pas pu assister \u00e0 une finale passionnante.<\/p>\n<p>Richard Plugge a \u00e9galement comment\u00e9 ce qui s&rsquo;est pass\u00e9 : \u00ab\u00a0C&rsquo;est vraiment dommage qu&rsquo;ils aient d\u00fb prendre cette d\u00e9cision une nouvelle fois pour assurer la s\u00e9curit\u00e9 des coureurs. Tant que les organisateurs et l&rsquo;UCI laissent la Vuelte se d\u00e9rouler, je suppose qu&rsquo;ils peuvent \u00e9galement s&rsquo;assurer que cela se fait en toute s\u00e9curit\u00e9. Mais c&rsquo;est d\u00e9j\u00e0 la deuxi\u00e8me fois qu&rsquo;ils doivent proc\u00e9der \u00e0 cette \u00e9valuation pendant la course, ce qui a une incidence sur le r\u00e9sultat final. Une fois de plus, je voudrais demander au public de ne pas interf\u00e9rer avec nos coureurs et la course. En m\u00eame temps, je demande aux organisateurs de faire tout ce qui est possible pour assurer la s\u00e9curit\u00e9 de l&rsquo;\u00e9v\u00e9nement, afin que nous puissions tous profiter d&rsquo;une bataille passionnante dans la derni\u00e8re semaine de la Vuelta.<\/p>\n","protected":false},"excerpt":{"rendered":"<p>Jonas Vingegaard a regrett\u00e9 l&rsquo;issue de la 16e \u00e9tape de la Vuelta a Espa\u00f1a 2025. Ces derniers jours, le leader de Visma | Lease a Bike avait montr\u00e9 qu&rsquo;il comprenait les raisons pour lesquelles les manifestants \u00e9taient descendus dans la rue, tout en affichant clairement sa d\u00e9ception quant \u00e0 ce que cela signifiait pour lui &hellip;<\/p>\n","protected":false},"author":20,"featured_media":159709,"comment_status":"open","ping_status":"open","sticky":false,"template":"","format":"standard","meta":{"footnotes":""},"categories":[3],"tags":[],"class_list":["post-159710","post","type-post","status-publish","format-standard","has-post-thumbnail","hentry","category-autre"],"_links":{"self":[{"href":"https:\/\/cyclingpro.net\/velopro\/wp-json\/wp\/v2\/posts\/159710","targetHints":{"allow":["GET"]}}],"collection":[{"href":"https:\/\/cyclingpro.net\/velopro\/wp-json\/wp\/v2\/posts"}],"about":[{"href":"https:\/\/cyclingpro.net\/velopro\/wp-json\/wp\/v2\/types\/post"}],"author":[{"embeddable":true,"href":"https:\/\/cyclingpro.net\/velopro\/wp-json\/wp\/v2\/users\/20"}],"replies":[{"embeddable":true,"href":"https:\/\/cyclingpro.net\/velopro\/wp-json\/wp\/v2\/comments?post=159710"}],"version-history":[{"count":0,"href":"https:\/\/cyclingpro.net\/velopro\/wp-json\/wp\/v2\/posts\/159710\/revisions"}],"wp:featuredmedia":[{"embeddable":true,"href":"https:\/\/cyclingpro.net\/velopro\/wp-json\/wp\/v2\/media\/159709"}],"wp:attachment":[{"href":"https:\/\/cyclingpro.net\/velopro\/wp-json\/wp\/v2\/media?parent=159710"}],"wp:term":[{"taxonomy":"category","embeddable":true,"href":"https:\/\/cyclingpro.net\/velopro\/wp-json\/wp\/v2\/categories?post=159710"},{"taxonomy":"post_tag","embeddable":true,"href":"https:\/\/cyclingpro.net\/velopro\/wp-json\/wp\/v2\/tags?post=159710"}],"curies":[{"name":"wp","href":"https:\/\/api.w.org\/{rel}","templated":true}]}}