{"id":159703,"date":"2025-09-09T18:30:32","date_gmt":"2025-09-09T16:30:32","guid":{"rendered":"https:\/\/cyclingpro.net\/velopro\/uncategorized\/championnats-du-monde-kigali-2025-la-slovenie-officialise-les-selections-tadej-pogacar-participera-egalement-au-contre-la-montre-primoz-roglic-a-ses-cotes-dans-la-course-en-ligne\/"},"modified":"2025-09-09T18:30:32","modified_gmt":"2025-09-09T16:30:32","slug":"championnats-du-monde-kigali-2025-la-slovenie-officialise-les-selections-tadej-pogacar-participera-egalement-au-contre-la-montre-primoz-roglic-a-ses-cotes-dans-la-course-en-ligne","status":"publish","type":"post","link":"https:\/\/cyclingpro.net\/velopro\/autre\/championnats-du-monde-kigali-2025-la-slovenie-officialise-les-selections-tadej-pogacar-participera-egalement-au-contre-la-montre-primoz-roglic-a-ses-cotes-dans-la-course-en-ligne\/","title":{"rendered":"Championnats du monde Kigali 2025, la Slov\u00e9nie officialise les s\u00e9lections : Tadej Pogacar participera \u00e9galement au contre-la-montre, Primoz Roglic \u00e0 ses c\u00f4t\u00e9s dans la course en ligne"},"content":{"rendered":"<p>La Slov\u00e9nie annonce sa s\u00e9lection pour la Coupe du Monde de Kigali 2025. L&rsquo;aventure africaine aura un objectif principal pour le pays des Balkans : r\u00e9it\u00e9rer le succ\u00e8s de la saison derni\u00e8re avec Tadej Pogacar. Le Slov\u00e8ne revient d&rsquo;ailleurs cette ann\u00e9e pour disputer le contre-la-montre sur un parcours qui lui est d\u00e9cid\u00e9ment favorable, o\u00f9 il pourrait \u00e9galement tenter la combinaison qui n&rsquo;a jamais r\u00e9ussi \u00e0 personne, remporter les deux courses la m\u00eame ann\u00e9e. Une mission \u00e9videmment difficile, mais si quelqu&rsquo;un peut la mener \u00e0 bien, c&rsquo;est sans aucun doute le ph\u00e9nom\u00e8ne Komenda qui, apr\u00e8s m\u00fbre r\u00e9flexion, a officialis\u00e9 aujourd&rsquo;hui par l&rsquo;interm\u00e9diaire de sa f\u00e9d\u00e9ration son intention d&rsquo;\u00eatre au d\u00e9part de la course individuelle le dimanche 21 septembre.<\/p>\n<p>L&rsquo;autre confirmation importante qui d\u00e9coule de l&rsquo;annonce faite par la F\u00e9d\u00e9ration slov\u00e8ne de cyclisme est la pr\u00e9sence de Primoz Roglic (et seulement \u00e0 cela, puisque le quadruple vainqueur du Tour de France sera le seul participant au contre-la-montre masculin, tandis que sa fianc\u00e9e Urska Zigart fera \u00e0 la fois le contre-la-montre et la course en ligne, seule femme \u00e9lite convoqu\u00e9e). La classe 1989 sera donc un \u00e9l\u00e9ment pivot de l&rsquo;\u00e9quipe qui tentera de r\u00e9it\u00e9rer le triomphe de la saison derni\u00e8re, mais il ne sera pas le seul nom de poids puisqu&rsquo;il y aura \u00e9galement d&rsquo;autres hommes exp\u00e9riment\u00e9s tels que Matej Mohori\u010d, Domen Novak et Luka Mezgec. Gal Glivar, Matev\u017e Govekar, Jaka Primo\u017ei\u010d et Matic \u017dumer compl\u00e8teront la s\u00e9lection pour la course sur route, qui aura lieu le dimanche 28 septembre.<\/p>\n","protected":false},"excerpt":{"rendered":"<p>La Slov\u00e9nie annonce sa s\u00e9lection pour la Coupe du Monde de Kigali 2025. L&rsquo;aventure africaine aura un objectif principal pour le pays des Balkans : r\u00e9it\u00e9rer le succ\u00e8s de la saison derni\u00e8re avec Tadej Pogacar. Le Slov\u00e8ne revient d&rsquo;ailleurs cette ann\u00e9e pour disputer le contre-la-montre sur un parcours qui lui est d\u00e9cid\u00e9ment favorable, o\u00f9 il &hellip;<\/p>\n","protected":false},"author":20,"featured_media":159702,"comment_status":"open","ping_status":"open","sticky":false,"template":"","format":"standard","meta":{"footnotes":""},"categories":[3],"tags":[],"class_list":["post-159703","post","type-post","status-publish","format-standard","has-post-thumbnail","hentry","category-autre"],"_links":{"self":[{"href":"https:\/\/cyclingpro.net\/velopro\/wp-json\/wp\/v2\/posts\/159703","targetHints":{"allow":["GET"]}}],"collection":[{"href":"https:\/\/cyclingpro.net\/velopro\/wp-json\/wp\/v2\/posts"}],"about":[{"href":"https:\/\/cyclingpro.net\/velopro\/wp-json\/wp\/v2\/types\/post"}],"author":[{"embeddable":true,"href":"https:\/\/cyclingpro.net\/velopro\/wp-json\/wp\/v2\/users\/20"}],"replies":[{"embeddable":true,"href":"https:\/\/cyclingpro.net\/velopro\/wp-json\/wp\/v2\/comments?post=159703"}],"version-history":[{"count":0,"href":"https:\/\/cyclingpro.net\/velopro\/wp-json\/wp\/v2\/posts\/159703\/revisions"}],"wp:featuredmedia":[{"embeddable":true,"href":"https:\/\/cyclingpro.net\/velopro\/wp-json\/wp\/v2\/media\/159702"}],"wp:attachment":[{"href":"https:\/\/cyclingpro.net\/velopro\/wp-json\/wp\/v2\/media?parent=159703"}],"wp:term":[{"taxonomy":"category","embeddable":true,"href":"https:\/\/cyclingpro.net\/velopro\/wp-json\/wp\/v2\/categories?post=159703"},{"taxonomy":"post_tag","embeddable":true,"href":"https:\/\/cyclingpro.net\/velopro\/wp-json\/wp\/v2\/tags?post=159703"}],"curies":[{"name":"wp","href":"https:\/\/api.w.org\/{rel}","templated":true}]}}