{"id":159694,"date":"2025-09-09T17:10:32","date_gmt":"2025-09-09T15:10:32","guid":{"rendered":"https:\/\/cyclingpro.net\/velopro\/uncategorized\/vuelta-a-espana-2025-egan-bernal-bat-mikel-landa-dans-une-etape-raccourcie-pour-cause-devenement\/"},"modified":"2025-09-09T17:10:32","modified_gmt":"2025-09-09T15:10:32","slug":"vuelta-a-espana-2025-egan-bernal-bat-mikel-landa-dans-une-etape-raccourcie-pour-cause-devenement","status":"publish","type":"post","link":"https:\/\/cyclingpro.net\/velopro\/autre\/vuelta-a-espana-2025-egan-bernal-bat-mikel-landa-dans-une-etape-raccourcie-pour-cause-devenement\/","title":{"rendered":"Vuelta a Espa\u00f1a 2025, Egan Bernal bat Mikel Landa dans une \u00e9tape raccourcie pour cause d&rsquo;\u00e9v\u00e9nement"},"content":{"rendered":"<p>Egan Bernal a remport\u00e9 la 16\u00e8me \u00e9tape de la Vuelta a Espa\u00f1a 2025. Un succ\u00e8s particulier pour le Colombien qui s&rsquo;est impos\u00e9 au terme d&rsquo;une \u00e9chapp\u00e9e, devan\u00e7ant Mikel Landa, avec qui il s&rsquo;\u00e9tait \u00e9tir\u00e9 \u00e0 50 kilom\u00e8tres de l&rsquo;\u00e9chapp\u00e9e du jour. Cependant, le leader des INEOS Grenadiers n&rsquo;a pas pu c\u00e9l\u00e9brer compl\u00e8tement, car l&rsquo;arriv\u00e9e a \u00e9t\u00e9 improvis\u00e9e \u00e0 huit kilom\u00e8tres de l&rsquo;arriv\u00e9e en raison d&rsquo;un \u00e9v\u00e9nement survenu \u00e0 trois kilom\u00e8tres de la fin et qui aurait emp\u00each\u00e9 les coureurs de se d\u00e9passer.<\/p>\n<p><em>Des mises \u00e0 jour suivront<\/em>.<\/p>\n<h2>R\u00e9sultats et classements \u00c9tape 16 Vuelta a Espa\u00f1a 2025<\/h2>\n<p>.<br \/>\n<iframe loading=\"lazy\" src=\"https:\/\/secure.cyclingprodata.com\/widgets\/latest\/widgets.html ?type=results&amp;tour_id=854&amp;stage_number=16&amp;use_icons_for_one_column=true&amp;reflow_mode=true\" width=\"100%\" height=\"1000px\" data-mce-fragment=\"1\"><span data-mce-type=\"bookmark\" style=\"display : inline-block ; width : 0px ; overflow : hidden ; line-height : 0 ;\" class=\"mce_SELRES_start\"><\/span><span data-mce-type=\"bookmark\" style=\"display : inline-block ; width : 0px ; overflow : hidden ; line-height : 0 ;\" class=\"mce_SELRES_start\"><\/span><span data-mce-type=\"bookmark\" style=\"display : inline-block ; width : 0px ; overflow : hidden ; line-height : 0 ;\" class=\"mce_SELRES_start\"><\/span><span data-mce-type=\"bookmark\" style=\"display : inline-block ; width : 0px ; overflow : hidden ; line-height : 0 ;\" class=\"mce_SELRES_start\"><\/span><\/iframe><\/p>\n","protected":false},"excerpt":{"rendered":"<p>Egan Bernal a remport\u00e9 la 16\u00e8me \u00e9tape de la Vuelta a Espa\u00f1a 2025. Un succ\u00e8s particulier pour le Colombien qui s&rsquo;est impos\u00e9 au terme d&rsquo;une \u00e9chapp\u00e9e, devan\u00e7ant Mikel Landa, avec qui il s&rsquo;\u00e9tait \u00e9tir\u00e9 \u00e0 50 kilom\u00e8tres de l&rsquo;\u00e9chapp\u00e9e du jour. Cependant, le leader des INEOS Grenadiers n&rsquo;a pas pu c\u00e9l\u00e9brer compl\u00e8tement, car l&rsquo;arriv\u00e9e a &hellip;<\/p>\n","protected":false},"author":20,"featured_media":159693,"comment_status":"open","ping_status":"open","sticky":false,"template":"","format":"standard","meta":{"footnotes":""},"categories":[3],"tags":[],"class_list":["post-159694","post","type-post","status-publish","format-standard","has-post-thumbnail","hentry","category-autre"],"_links":{"self":[{"href":"https:\/\/cyclingpro.net\/velopro\/wp-json\/wp\/v2\/posts\/159694","targetHints":{"allow":["GET"]}}],"collection":[{"href":"https:\/\/cyclingpro.net\/velopro\/wp-json\/wp\/v2\/posts"}],"about":[{"href":"https:\/\/cyclingpro.net\/velopro\/wp-json\/wp\/v2\/types\/post"}],"author":[{"embeddable":true,"href":"https:\/\/cyclingpro.net\/velopro\/wp-json\/wp\/v2\/users\/20"}],"replies":[{"embeddable":true,"href":"https:\/\/cyclingpro.net\/velopro\/wp-json\/wp\/v2\/comments?post=159694"}],"version-history":[{"count":0,"href":"https:\/\/cyclingpro.net\/velopro\/wp-json\/wp\/v2\/posts\/159694\/revisions"}],"wp:featuredmedia":[{"embeddable":true,"href":"https:\/\/cyclingpro.net\/velopro\/wp-json\/wp\/v2\/media\/159693"}],"wp:attachment":[{"href":"https:\/\/cyclingpro.net\/velopro\/wp-json\/wp\/v2\/media?parent=159694"}],"wp:term":[{"taxonomy":"category","embeddable":true,"href":"https:\/\/cyclingpro.net\/velopro\/wp-json\/wp\/v2\/categories?post=159694"},{"taxonomy":"post_tag","embeddable":true,"href":"https:\/\/cyclingpro.net\/velopro\/wp-json\/wp\/v2\/tags?post=159694"}],"curies":[{"name":"wp","href":"https:\/\/api.w.org\/{rel}","templated":true}]}}