{"id":159692,"date":"2025-09-09T16:32:16","date_gmt":"2025-09-09T14:32:16","guid":{"rendered":"https:\/\/cyclingpro.net\/velopro\/uncategorized\/vuelta-a-espana-2025-javier-romo-quitte-la-course-apres-une-chute-causee-par-un-manifestant\/"},"modified":"2025-09-09T16:32:16","modified_gmt":"2025-09-09T14:32:16","slug":"vuelta-a-espana-2025-javier-romo-quitte-la-course-apres-une-chute-causee-par-un-manifestant","status":"publish","type":"post","link":"https:\/\/cyclingpro.net\/velopro\/autre\/vuelta-a-espana-2025-javier-romo-quitte-la-course-apres-une-chute-causee-par-un-manifestant\/","title":{"rendered":"Vuelta a Espa\u00f1a 2025, Javier Romo quitte la course apr\u00e8s une chute caus\u00e9e par un manifestant."},"content":{"rendered":"<p>Javier Romo a abandonn\u00e9 la Vuelta a Espa\u00f1a 2025. Tomb\u00e9 il y a deux jours \u00e0 la suite d&rsquo;un envahissement de la route par un manifestant des droits de l&rsquo;homme, l&rsquo;Espagnol ne semblait pas avoir subi de cons\u00e9quences majeures, mais la douleur \u00e9tait manifestement plus forte qu&rsquo;il n&rsquo;y paraissait au premier abord. Le bandage visible sur son coude gauche en est la preuve, et l&rsquo;Espagnol, qui avait \u00e9t\u00e9 protagoniste \u00e0 plusieurs reprises dans les \u00e9tapes pr\u00e9c\u00e9dentes, a d\u00fb quitter la course aujourd&rsquo;hui alors qu&rsquo;il restait encore plus de 90 kilom\u00e8tres \u00e0 parcourir. L&rsquo;accident s&rsquo;est produit dimanche, lorsqu&rsquo;\u00e0 60 kilom\u00e8tres de l&rsquo;arriv\u00e9e, un manifestant pro-palestinien a couru le long d&rsquo;un talus herbeux en direction de la route, mais a chut\u00e9 avant de l&rsquo;atteindre. Un policier a travers\u00e9 la route pour tenter d&rsquo;arr\u00eater le manifestant et Romo est tomb\u00e9 dans la confusion.<\/p>\n","protected":false},"excerpt":{"rendered":"<p>Javier Romo a abandonn\u00e9 la Vuelta a Espa\u00f1a 2025. Tomb\u00e9 il y a deux jours \u00e0 la suite d&rsquo;un envahissement de la route par un manifestant des droits de l&rsquo;homme, l&rsquo;Espagnol ne semblait pas avoir subi de cons\u00e9quences majeures, mais la douleur \u00e9tait manifestement plus forte qu&rsquo;il n&rsquo;y paraissait au premier abord. Le bandage visible &hellip;<\/p>\n","protected":false},"author":20,"featured_media":159691,"comment_status":"open","ping_status":"open","sticky":false,"template":"","format":"standard","meta":{"footnotes":""},"categories":[3],"tags":[],"class_list":["post-159692","post","type-post","status-publish","format-standard","has-post-thumbnail","hentry","category-autre"],"_links":{"self":[{"href":"https:\/\/cyclingpro.net\/velopro\/wp-json\/wp\/v2\/posts\/159692","targetHints":{"allow":["GET"]}}],"collection":[{"href":"https:\/\/cyclingpro.net\/velopro\/wp-json\/wp\/v2\/posts"}],"about":[{"href":"https:\/\/cyclingpro.net\/velopro\/wp-json\/wp\/v2\/types\/post"}],"author":[{"embeddable":true,"href":"https:\/\/cyclingpro.net\/velopro\/wp-json\/wp\/v2\/users\/20"}],"replies":[{"embeddable":true,"href":"https:\/\/cyclingpro.net\/velopro\/wp-json\/wp\/v2\/comments?post=159692"}],"version-history":[{"count":0,"href":"https:\/\/cyclingpro.net\/velopro\/wp-json\/wp\/v2\/posts\/159692\/revisions"}],"wp:featuredmedia":[{"embeddable":true,"href":"https:\/\/cyclingpro.net\/velopro\/wp-json\/wp\/v2\/media\/159691"}],"wp:attachment":[{"href":"https:\/\/cyclingpro.net\/velopro\/wp-json\/wp\/v2\/media?parent=159692"}],"wp:term":[{"taxonomy":"category","embeddable":true,"href":"https:\/\/cyclingpro.net\/velopro\/wp-json\/wp\/v2\/categories?post=159692"},{"taxonomy":"post_tag","embeddable":true,"href":"https:\/\/cyclingpro.net\/velopro\/wp-json\/wp\/v2\/tags?post=159692"}],"curies":[{"name":"wp","href":"https:\/\/api.w.org\/{rel}","templated":true}]}}