{"id":159686,"date":"2025-09-09T12:25:51","date_gmt":"2025-09-09T10:25:51","guid":{"rendered":"https:\/\/cyclingpro.net\/velopro\/uncategorized\/grand-prix-cycliste-de-quebec-2025-la-liste-de-depart-provisoire\/"},"modified":"2025-09-09T12:25:51","modified_gmt":"2025-09-09T10:25:51","slug":"grand-prix-cycliste-de-quebec-2025-la-liste-de-depart-provisoire","status":"publish","type":"post","link":"https:\/\/cyclingpro.net\/velopro\/autre\/grand-prix-cycliste-de-quebec-2025-la-liste-de-depart-provisoire\/","title":{"rendered":"Grand Prix Cycliste de Qu\u00e9bec 2025, la liste de d\u00e9part provisoire"},"content":{"rendered":"<p>Elles seront 23 \u00e9quipes \u00e0 participer au <strong>GP de Qu\u00e9bec 2025<\/strong>. <\/strong>Programm\u00e9 le <strong>vendredi 12 septembre<\/strong>, il sera l&rsquo;\u00e9preuve qui ouvrira le week-end canadien au niveau WorldTour, qui s&rsquo;ach\u00e8vera ensuite le dimanche 14 avec le Grand Prix Cycliste de Montr\u00e9al 2025. La pr\u00e9sence dans le peloton des 18 formations de la premi\u00e8re cat\u00e9gorie mondiale, auxquelles se joindront quatre \u00e9quipes Professional et une s\u00e9lection nationale du Canada, garantira un plateau de partants du plus haut niveau. Parmi les coureurs qui prendront le d\u00e9part \u00e9mergera le successeur de Michael Matthews, vainqueur de l&rsquo;\u00e9preuve avec d\u00e9part et arriv\u00e9e \u00e0 Qu\u00e9bec en 2024.<\/p>\n<h2>Startlist provisoire Grand Prix Cycliste de Qu\u00e9bec 2025<\/h2>\n<p>.<br \/>\n<b>TEAM JAYCO &#8211; ALULA<\/b><br \/>\nMATTHEWS Michael<\/p>\n<p><strong>ALPECIN &#8211; DECEUNINCK <\/strong>.<\/p>\n<p><strong>ARKEA &#8211; B&amp;B HOTELS <\/strong>.<\/p>\n<p><strong>BAHRAIN VICTORIOUS <\/strong>.<br \/>\nBILBAO Pello<br \/>\nMARTINEZ Lenny<br \/>\nMOHORI\u010c Matej<\/p>\n<p><strong>COFIDIS <\/strong>.<\/p>\n<p><strong>DECATHLON AG2R LA MONDIALE <\/strong>.<br \/>\nGODON Dorian<br \/>\nLAPEIRA Paul<\/p>\n<p><strong>EF EDUCATION &#8211; EasyPost<\/strong><\/p>\n<p><strong>GROUPAMA &#8211; FDJ <\/strong><\/p>\n<p><strong>INEOS Grenadiers<\/strong><\/p>\n<p><strong>INTERMARCH\u00c9 &#8211; WANTY <\/strong><br \/>\nGIRMAY Biniam<\/p>\n<p><strong>IDL &#8211; TREK \u2713 <\/strong><br \/>\nKIRSCH Alex<br \/>\nKONRAD Patrick<br \/>\nL\u00d3PEZ Juan Pedro<br \/>\nMOSCOW Jacopo<br \/>\nOOMEN Sam<br \/>\nSIMMONS Quinn<br \/>\nSKJELMOSE Mattias<\/p>\n<p><strong>MOVISTAR TEAM <\/strong>.<\/p>\n<p><strong>RED BULL &#8211; BORA &#8211; HANSGROHE <\/strong><br \/>\nLIPOWITZ Florian<\/p>\n<p><strong>SOUDAL QUICK-STEP <\/strong><\/p>\n<p><strong>TEAM PICNIC POSTNL<\/strong><br \/>\nBARGUIL Warren<br \/>\nONLEY Oscar<\/p>\n<p><strong>TEAM VISMA | LEASE A BIKE<\/strong><br \/>\nVAN AERT Wout<br \/>\nYATES Simon<\/p>\n<p><strong>UAE Team Emirates XRG<\/strong><br \/>\nPOGA\u010cAR Tadej<br \/>\nWELLENS Tim<\/p>\n<p><strong>XDS ASTANA TEAM<\/strong><br \/>\nSCHELLING Ide<\/p>\n<p><strong>ISRA\u00cbL &#8211; PREMIER TECH <\/strong><br \/>\nBOIVIN Guillaume<br \/>\nHOULE Hugo<br \/>\nWOODS Michael<\/p>\n<p><strong>Lotto <\/strong><br \/>\nDE LIE Arnaud<br \/>\nBERCKMOES Jenno<\/p>\n<p><strong>TUDOR PRO Cycling Team<\/strong><br \/>\nALAPHILIPPE Julian<\/p>\n<p><strong>UNO-X MOBILITY<\/strong><br \/>\nABRAHAMSEN Jonas<\/p>\n<p><strong>CANADA \u2713 <\/strong><br \/>\nJACOB Philippe<br \/>\nGAUTHIER J\u00earome<br \/>\nMATTERN Carson<br \/>\nCOUTURE Samuel<br \/>\nCOWAN Quentin<br \/>\nBOUCHARD F\u00e9lix<br \/>\nHAMEL F\u00e9lix<\/p>\n","protected":false},"excerpt":{"rendered":"<p>Elles seront 23 \u00e9quipes \u00e0 participer au GP de Qu\u00e9bec 2025. Programm\u00e9 le vendredi 12 septembre, il sera l&rsquo;\u00e9preuve qui ouvrira le week-end canadien au niveau WorldTour, qui s&rsquo;ach\u00e8vera ensuite le dimanche 14 avec le Grand Prix Cycliste de Montr\u00e9al 2025. La pr\u00e9sence dans le peloton des 18 formations de la premi\u00e8re cat\u00e9gorie mondiale, auxquelles &hellip;<\/p>\n","protected":false},"author":20,"featured_media":159685,"comment_status":"open","ping_status":"open","sticky":false,"template":"","format":"standard","meta":{"footnotes":""},"categories":[3],"tags":[],"class_list":["post-159686","post","type-post","status-publish","format-standard","has-post-thumbnail","hentry","category-autre"],"_links":{"self":[{"href":"https:\/\/cyclingpro.net\/velopro\/wp-json\/wp\/v2\/posts\/159686","targetHints":{"allow":["GET"]}}],"collection":[{"href":"https:\/\/cyclingpro.net\/velopro\/wp-json\/wp\/v2\/posts"}],"about":[{"href":"https:\/\/cyclingpro.net\/velopro\/wp-json\/wp\/v2\/types\/post"}],"author":[{"embeddable":true,"href":"https:\/\/cyclingpro.net\/velopro\/wp-json\/wp\/v2\/users\/20"}],"replies":[{"embeddable":true,"href":"https:\/\/cyclingpro.net\/velopro\/wp-json\/wp\/v2\/comments?post=159686"}],"version-history":[{"count":0,"href":"https:\/\/cyclingpro.net\/velopro\/wp-json\/wp\/v2\/posts\/159686\/revisions"}],"wp:featuredmedia":[{"embeddable":true,"href":"https:\/\/cyclingpro.net\/velopro\/wp-json\/wp\/v2\/media\/159685"}],"wp:attachment":[{"href":"https:\/\/cyclingpro.net\/velopro\/wp-json\/wp\/v2\/media?parent=159686"}],"wp:term":[{"taxonomy":"category","embeddable":true,"href":"https:\/\/cyclingpro.net\/velopro\/wp-json\/wp\/v2\/categories?post=159686"},{"taxonomy":"post_tag","embeddable":true,"href":"https:\/\/cyclingpro.net\/velopro\/wp-json\/wp\/v2\/tags?post=159686"}],"curies":[{"name":"wp","href":"https:\/\/api.w.org\/{rel}","templated":true}]}}