{"id":159684,"date":"2025-09-09T12:08:58","date_gmt":"2025-09-09T10:08:58","guid":{"rendered":"https:\/\/cyclingpro.net\/velopro\/uncategorized\/cofidis-benjamin-thomas-prolonge-son-contrat-jusquen-2027\/"},"modified":"2025-09-09T12:08:58","modified_gmt":"2025-09-09T10:08:58","slug":"cofidis-benjamin-thomas-prolonge-son-contrat-jusquen-2027","status":"publish","type":"post","link":"https:\/\/cyclingpro.net\/velopro\/autre\/cofidis-benjamin-thomas-prolonge-son-contrat-jusquen-2027\/","title":{"rendered":"Cofidis, Benjamin Thomas prolonge son contrat jusqu&rsquo;en 2027"},"content":{"rendered":"<p>Accord officiel <strong>CycleMarket<\/strong> pour <strong>Cofidis<\/strong>. L&rsquo;\u00e9quipe fran\u00e7aise du WorldTour, dont le maintien m\u00eame dans la premi\u00e8re cat\u00e9gorie internationale est actuellement compromis en raison de la situation du classement triennal de l&rsquo;UCI, a annonc\u00e9 le renouvellement du contrat de <strong>Benjamin Thomas<\/strong>. Fran\u00e7ais, tr\u00e8s performant sur la piste et dot\u00e9 d&rsquo;excellentes qualit\u00e9s offensives et de contre-la-montre, Thomas restera chez Cofidis jusqu&rsquo;\u00e0 la fin de la saison 2027, apr\u00e8s l&rsquo;avoir rejoint au d\u00e9but de l&rsquo;ann\u00e9e 2022. Dans cette partie de sa carri\u00e8re, le Fran\u00e7ais a remport\u00e9 six victoires, <a href=\"https:\/\/cyclingpro.net\/spaziociclismo\/sintesi-gare\/giro-ditalia-2024-gli-attaccanti-beffano-il-gruppo-a-lucca-vince-benjamin-thomas-3-andrea-pietrobon-5-jonathan-milan\/\" target=\"_blank\" rel=\"noopener\">dont l&rsquo;\u00e9tape de Lucques lors du Giro d&rsquo;Italia 2024. <\/a><\/p>\n","protected":false},"excerpt":{"rendered":"<p>Accord officiel CycleMarket pour Cofidis. L&rsquo;\u00e9quipe fran\u00e7aise du WorldTour, dont le maintien m\u00eame dans la premi\u00e8re cat\u00e9gorie internationale est actuellement compromis en raison de la situation du classement triennal de l&rsquo;UCI, a annonc\u00e9 le renouvellement du contrat de Benjamin Thomas. Fran\u00e7ais, tr\u00e8s performant sur la piste et dot\u00e9 d&rsquo;excellentes qualit\u00e9s offensives et de contre-la-montre, Thomas &hellip;<\/p>\n","protected":false},"author":20,"featured_media":159683,"comment_status":"open","ping_status":"open","sticky":false,"template":"","format":"standard","meta":{"footnotes":""},"categories":[3],"tags":[],"class_list":["post-159684","post","type-post","status-publish","format-standard","has-post-thumbnail","hentry","category-autre"],"_links":{"self":[{"href":"https:\/\/cyclingpro.net\/velopro\/wp-json\/wp\/v2\/posts\/159684","targetHints":{"allow":["GET"]}}],"collection":[{"href":"https:\/\/cyclingpro.net\/velopro\/wp-json\/wp\/v2\/posts"}],"about":[{"href":"https:\/\/cyclingpro.net\/velopro\/wp-json\/wp\/v2\/types\/post"}],"author":[{"embeddable":true,"href":"https:\/\/cyclingpro.net\/velopro\/wp-json\/wp\/v2\/users\/20"}],"replies":[{"embeddable":true,"href":"https:\/\/cyclingpro.net\/velopro\/wp-json\/wp\/v2\/comments?post=159684"}],"version-history":[{"count":0,"href":"https:\/\/cyclingpro.net\/velopro\/wp-json\/wp\/v2\/posts\/159684\/revisions"}],"wp:featuredmedia":[{"embeddable":true,"href":"https:\/\/cyclingpro.net\/velopro\/wp-json\/wp\/v2\/media\/159683"}],"wp:attachment":[{"href":"https:\/\/cyclingpro.net\/velopro\/wp-json\/wp\/v2\/media?parent=159684"}],"wp:term":[{"taxonomy":"category","embeddable":true,"href":"https:\/\/cyclingpro.net\/velopro\/wp-json\/wp\/v2\/categories?post=159684"},{"taxonomy":"post_tag","embeddable":true,"href":"https:\/\/cyclingpro.net\/velopro\/wp-json\/wp\/v2\/tags?post=159684"}],"curies":[{"name":"wp","href":"https:\/\/api.w.org\/{rel}","templated":true}]}}