{"id":159682,"date":"2025-09-09T11:22:35","date_gmt":"2025-09-09T09:22:35","guid":{"rendered":"https:\/\/cyclingpro.net\/velopro\/uncategorized\/uae-emirates-xrg-joxean-matxin-a-propos-de-juan-ayuso-il-devait-participer-au-tour-of-guangxi-mais-dans-la-vuelta-il-a-deja-atteint-deux-objectifs-alors-nous-ne-lenvoyons-pas-la-bas-nous-n\/"},"modified":"2025-09-09T11:22:35","modified_gmt":"2025-09-09T09:22:35","slug":"uae-emirates-xrg-joxean-matxin-a-propos-de-juan-ayuso-il-devait-participer-au-tour-of-guangxi-mais-dans-la-vuelta-il-a-deja-atteint-deux-objectifs-alors-nous-ne-lenvoyons-pas-la-bas-nous-n","status":"publish","type":"post","link":"https:\/\/cyclingpro.net\/velopro\/autre\/uae-emirates-xrg-joxean-matxin-a-propos-de-juan-ayuso-il-devait-participer-au-tour-of-guangxi-mais-dans-la-vuelta-il-a-deja-atteint-deux-objectifs-alors-nous-ne-lenvoyons-pas-la-bas-nous-n\/","title":{"rendered":"UAE Emirates XRG, Joxean Matxin \u00e0 propos de Juan Ayuso : \u00ab\u00a0Il devait participer au Tour of Guangxi, mais dans la Vuelta, il a d\u00e9j\u00e0 atteint deux objectifs, alors nous ne l&rsquo;envoyons pas l\u00e0-bas &#8211; Nous n&rsquo;avons pas autant de dictature ici&#8230;\u00a0\u00bb"},"content":{"rendered":"<p>La <strong>UAE Emirates XRG<\/strong> m\u00e8ne une <strong>Vuelta a Espa\u00f1a 2025<\/strong> en \u00e9quipe de t\u00eate, comme \u00e0 son habitude. \u00c0 une semaine de l&rsquo;arriv\u00e9e, la formation Emirates compte <strong>Jo\u00e3o Almeida<\/strong> dans la course au classement g\u00e9n\u00e9ral et a d\u00e9j\u00e0 remport\u00e9 sept \u00e9tapes, sur les quinze disput\u00e9es jusqu&rsquo;\u00e0 pr\u00e9sent. Cependant, l&rsquo;environnement UAE Emirates XRG a \u00e9t\u00e9 \u00e9branl\u00e9, en plein milieu de la Vuelta, par le divorce officiel avec Juan Ayuso, les parties s&rsquo;envoyant \u00e9galement, dans la presse, des accusations pas trop voil\u00e9es. Le directeur sportif <strong>Joxean Matxin Fern\u00e1ndez<\/strong> s&rsquo;est exprim\u00e9 sur le sujet lors de la deuxi\u00e8me et derni\u00e8re journ\u00e9e de repos.<\/p>\n<p>Entre nous, en interne, rien n&rsquo;a chang\u00e9 &#8211; les mots de Matxin dans une interview accord\u00e9e \u00e0 <a href=\"https:\/\/www.marca.com\/ciclismo\/vuelta-espana\/2025\/09\/08\/matxin-cambiaria-siete-etapas-general-dudarlo.html\" target=\"_blank\" rel=\"noopener\"><em>Marca<\/em><\/a> &#8211; Si je dois en plaisanter, je le fais ; si je dois lui demander de travailler, je le lui demande. D&rsquo;ailleurs, <a href=\"https:\/\/cyclingpro.net\/spaziociclismo\/ciclomercato\/uae-team-emirates-xrg-juan-ayuso-contro-il-team-e-parla-di-dittatura-ce-stata-una-mancanza-di-rispetto-dopo-laltra\/\" target=\"_blank\" rel=\"noopener\">apr\u00e8s ses d\u00e9clarations,<\/a> Marc Soler l&rsquo;a quand m\u00eame aid\u00e9, lors de la victoire d&rsquo;\u00e9tape \u00e0 Los Corrales. Nous traitons Ayuso avec le m\u00eame respect et le m\u00eame engagement qu&rsquo;auparavant et nous le ferons jusqu&rsquo;au 31 d\u00e9cembre. En ce qui me concerne, ma relation avec lui n&rsquo;a pas chang\u00e9.<strong>Il est \u00e9vident que je ne partage pas ses opinions, mais cela n&rsquo;a rien \u00e0 voir avec la relation personnelle.<\/strong> Nous nous s\u00e9parerons \u00e0 la fin de l&rsquo;ann\u00e9e, je lui souhaite le meilleur et j&rsquo;esp\u00e8re qu&rsquo;il ne nous battra dans aucune course.<\/p>\n<p class=\"ue-c-article__paragraph paragraph\" data-mrf-recirculation=\"Links P\u00e1rrafos\">Matxin r\u00e9v\u00e8le que la Vuelta pourrait \u00eatre la derni\u00e8re course d&rsquo;Ayuso sous le maillot des EAU : \u00ab\u00a0Nous en avons parl\u00e9 il y a un moment &#8211; le commentaire de l&rsquo;entra\u00eeneur espagnol &#8211; Son calendrier pr\u00e9voyait une pr\u00e9sence au <strong>Tour of Guangxi 2025<\/strong> (une course par \u00e9tapes qui se d\u00e9roule en Chine en octobre &#8211; <em>ndr<\/em>), <strong>mais je lui avais dit que s&rsquo;il remportait une \u00e9tape, le contre-la-montre par \u00e9quipes ou le classement g\u00e9n\u00e9ral \u00e0 la Vuelta, nous ne l&rsquo;enverrions pas. Il a d\u00e9j\u00e0 r\u00e9alis\u00e9 deux de ces trois choses, donc nous ne l&rsquo;enverrons pas<\/strong>\u00ab\u00a0.<\/p>\n<p style=\"text-align : justify ;\">Membre=\u00a0\u00bbtext-align : justify\u00a0\u00bb).<\/p>\n<p data-mrf-recirculation=\"Links P\u00e1rrafos\">Le directeur sportif a ajout\u00e9 : \u00ab\u00a0<a href=\"https:\/\/cyclingpro.net\/spaziociclismo\/vuelta-2025\/vuelta-a-espana-2025-ufficiale-lassenza-di-tadej-pogacar-joao-almeida-e-juan-ayuso-i-leader-delluae\/\" target=\"_blank\" rel=\"noopener\">Le changement de calendrier, avec la Vuelta, nous l&rsquo;avons d\u00e9cid\u00e9 pendant le Tour<\/a>. Ayuso est un vainqueur et nous voulions qu&rsquo;il fasse un calendrier alternatif \u00e0 celui de Tadej Poga\u010dar : une fois qu&rsquo;il a \u00e9t\u00e9 d\u00e9cid\u00e9 que Tadej ne viendrait pas en Espagne, nous avons parl\u00e9 \u00e0 Juan, compte tenu de sa pr\u00e9sence \u00e0 la Vuelta apr\u00e8s avoir fait la Cl\u00e1sica San Sebasti\u00e1n. <strong>Il nous a demand\u00e9 de ne pas faire le stage dans les hauts plateaux, qui lui a cependant probablement manqu\u00e9.<\/strong> Il voulait rester \u00e0 J\u00e1vea (station baln\u00e9aire, pr\u00e8s d&rsquo;Alicante &#8211; <em>ndr<\/em>) et nous l&rsquo;avons autoris\u00e9 \u00e0 le faire. Vous voyez donc aussi que nous n&rsquo;avons pas toute cette dictature (sourires &#8211; <em>ndr<\/em>)&#8230;\u00a0\u00bb<\/p>\n<p>.<\/p>\n","protected":false},"excerpt":{"rendered":"<p>La UAE Emirates XRG m\u00e8ne une Vuelta a Espa\u00f1a 2025 en \u00e9quipe de t\u00eate, comme \u00e0 son habitude. \u00c0 une semaine de l&rsquo;arriv\u00e9e, la formation Emirates compte Jo\u00e3o Almeida dans la course au classement g\u00e9n\u00e9ral et a d\u00e9j\u00e0 remport\u00e9 sept \u00e9tapes, sur les quinze disput\u00e9es jusqu&rsquo;\u00e0 pr\u00e9sent. Cependant, l&rsquo;environnement UAE Emirates XRG a \u00e9t\u00e9 \u00e9branl\u00e9, &hellip;<\/p>\n","protected":false},"author":20,"featured_media":159681,"comment_status":"open","ping_status":"open","sticky":false,"template":"","format":"standard","meta":{"footnotes":""},"categories":[3],"tags":[],"class_list":["post-159682","post","type-post","status-publish","format-standard","has-post-thumbnail","hentry","category-autre"],"_links":{"self":[{"href":"https:\/\/cyclingpro.net\/velopro\/wp-json\/wp\/v2\/posts\/159682","targetHints":{"allow":["GET"]}}],"collection":[{"href":"https:\/\/cyclingpro.net\/velopro\/wp-json\/wp\/v2\/posts"}],"about":[{"href":"https:\/\/cyclingpro.net\/velopro\/wp-json\/wp\/v2\/types\/post"}],"author":[{"embeddable":true,"href":"https:\/\/cyclingpro.net\/velopro\/wp-json\/wp\/v2\/users\/20"}],"replies":[{"embeddable":true,"href":"https:\/\/cyclingpro.net\/velopro\/wp-json\/wp\/v2\/comments?post=159682"}],"version-history":[{"count":0,"href":"https:\/\/cyclingpro.net\/velopro\/wp-json\/wp\/v2\/posts\/159682\/revisions"}],"wp:featuredmedia":[{"embeddable":true,"href":"https:\/\/cyclingpro.net\/velopro\/wp-json\/wp\/v2\/media\/159681"}],"wp:attachment":[{"href":"https:\/\/cyclingpro.net\/velopro\/wp-json\/wp\/v2\/media?parent=159682"}],"wp:term":[{"taxonomy":"category","embeddable":true,"href":"https:\/\/cyclingpro.net\/velopro\/wp-json\/wp\/v2\/categories?post=159682"},{"taxonomy":"post_tag","embeddable":true,"href":"https:\/\/cyclingpro.net\/velopro\/wp-json\/wp\/v2\/tags?post=159682"}],"curies":[{"name":"wp","href":"https:\/\/api.w.org\/{rel}","templated":true}]}}