{"id":159678,"date":"2025-09-09T09:10:02","date_gmt":"2025-09-09T07:10:02","guid":{"rendered":"https:\/\/cyclingpro.net\/velopro\/uncategorized\/vuelta-a-espana-2025-gianmarco-garofoli-ne-prendra-pas-le-depart-aujourdhui-apres-etre-tombe-malade\/"},"modified":"2025-09-09T09:10:02","modified_gmt":"2025-09-09T07:10:02","slug":"vuelta-a-espana-2025-gianmarco-garofoli-ne-prendra-pas-le-depart-aujourdhui-apres-etre-tombe-malade","status":"publish","type":"post","link":"https:\/\/cyclingpro.net\/velopro\/autre\/vuelta-a-espana-2025-gianmarco-garofoli-ne-prendra-pas-le-depart-aujourdhui-apres-etre-tombe-malade\/","title":{"rendered":"Vuelta a Espa\u00f1a 2025, Gianmarco Garofoli ne prendra pas le d\u00e9part aujourd&rsquo;hui apr\u00e8s \u00eatre tomb\u00e9 malade"},"content":{"rendered":"<p>La <strong>Vuelta a Espa\u00f1a 2025<\/strong> de <strong>Gianmarco Garofoli<\/strong> prend fin apr\u00e8s 15 \u00e9tapes. Comme annonc\u00e9 par <strong>Soudal Quick-Step<\/strong>, le coureur de 22 ans est tomb\u00e9 malade et ne prendra donc pas le d\u00e9part aujourd&rsquo;hui pour aborder l&rsquo;\u00e9tape num\u00e9ro 16 du GT espagnol, la premi\u00e8re de la troisi\u00e8me et derni\u00e8re semaine de course. Le coureur des Marches, qui avait \u00e9galement particip\u00e9 au Giro d&rsquo;Italia cette ann\u00e9e, s&rsquo;\u00e9tait jusqu&rsquo;\u00e0 pr\u00e9sent fait remarquer en participant \u00e0 cinq \u00e9chapp\u00e9es, dont quatre au cours des quatre derniers jours, mais il a obtenu son meilleur r\u00e9sultat (une 14e place) lors du sprint vers Saragosse, auquel il a ajout\u00e9 quatre autres places dans le top 20.<\/p>\n","protected":false},"excerpt":{"rendered":"<p>La Vuelta a Espa\u00f1a 2025 de Gianmarco Garofoli prend fin apr\u00e8s 15 \u00e9tapes. Comme annonc\u00e9 par Soudal Quick-Step, le coureur de 22 ans est tomb\u00e9 malade et ne prendra donc pas le d\u00e9part aujourd&rsquo;hui pour aborder l&rsquo;\u00e9tape num\u00e9ro 16 du GT espagnol, la premi\u00e8re de la troisi\u00e8me et derni\u00e8re semaine de course. Le coureur des &hellip;<\/p>\n","protected":false},"author":20,"featured_media":159677,"comment_status":"open","ping_status":"open","sticky":false,"template":"","format":"standard","meta":{"footnotes":""},"categories":[3],"tags":[],"class_list":["post-159678","post","type-post","status-publish","format-standard","has-post-thumbnail","hentry","category-autre"],"_links":{"self":[{"href":"https:\/\/cyclingpro.net\/velopro\/wp-json\/wp\/v2\/posts\/159678","targetHints":{"allow":["GET"]}}],"collection":[{"href":"https:\/\/cyclingpro.net\/velopro\/wp-json\/wp\/v2\/posts"}],"about":[{"href":"https:\/\/cyclingpro.net\/velopro\/wp-json\/wp\/v2\/types\/post"}],"author":[{"embeddable":true,"href":"https:\/\/cyclingpro.net\/velopro\/wp-json\/wp\/v2\/users\/20"}],"replies":[{"embeddable":true,"href":"https:\/\/cyclingpro.net\/velopro\/wp-json\/wp\/v2\/comments?post=159678"}],"version-history":[{"count":0,"href":"https:\/\/cyclingpro.net\/velopro\/wp-json\/wp\/v2\/posts\/159678\/revisions"}],"wp:featuredmedia":[{"embeddable":true,"href":"https:\/\/cyclingpro.net\/velopro\/wp-json\/wp\/v2\/media\/159677"}],"wp:attachment":[{"href":"https:\/\/cyclingpro.net\/velopro\/wp-json\/wp\/v2\/media?parent=159678"}],"wp:term":[{"taxonomy":"category","embeddable":true,"href":"https:\/\/cyclingpro.net\/velopro\/wp-json\/wp\/v2\/categories?post=159678"},{"taxonomy":"post_tag","embeddable":true,"href":"https:\/\/cyclingpro.net\/velopro\/wp-json\/wp\/v2\/tags?post=159678"}],"curies":[{"name":"wp","href":"https:\/\/api.w.org\/{rel}","templated":true}]}}