{"id":159672,"date":"2025-09-09T08:07:20","date_gmt":"2025-09-09T06:07:20","guid":{"rendered":"https:\/\/cyclingpro.net\/velopro\/uncategorized\/direct-vuelta-a-espana-2025-live-etape-16\/"},"modified":"2025-09-09T08:07:20","modified_gmt":"2025-09-09T06:07:20","slug":"direct-vuelta-a-espana-2025-live-etape-16","status":"publish","type":"post","link":"https:\/\/cyclingpro.net\/velopro\/autre\/direct-vuelta-a-espana-2025-live-etape-16\/","title":{"rendered":"DIRECT Vuelta a Espa\u00f1a 2025 LIVE, \u00e9tape 16"},"content":{"rendered":"<p>Amis passionn\u00e9s de cyclisme, bonjour et bienvenue sur le<strong>bulletin interactif complet en direct<\/strong> de la 16e \u00e9tape de la <strong>Vuelta a Espa\u00f1a 2025<\/strong>. La troisi\u00e8me et derni\u00e8re semaine du GT espagnol s&rsquo;ouvre sur une \u00e9tape plut\u00f4t nerveuse et exigeante de 167,9 kilom\u00e8tres entre Poio et Mos \/ Castro de Herville, au cours de laquelle il faudra franchir 3300 m\u00e8tres de d\u00e9nivel\u00e9 et quatre GPM dans la seconde moiti\u00e9 de la course, dont celui au sommet duquel se jouera l&rsquo;arriv\u00e9e. Ces ascensions ne sont pas excessivement dures mais plut\u00f4t accident\u00e9es et ne doivent pas \u00eatre sous-estim\u00e9es par les hommes du classement, dont certains pourraient souffrir apr\u00e8s la journ\u00e9e de repos.<br \/>\nPour savoir comment se d\u00e9roulera la 16e \u00e9tape de la Vuelta a Espa\u00f1a 2025, il suffit de suivre notre couverture directe, qui propose une interface remani\u00e9e <a href=\"https:\/\/cyclingpro.net\/spaziociclismo\/altro\/scopri-lapp-ufficiale-di-spaziociclismo\/\">\u00e9galement disponible dans notre application SpazioCiclismo<\/a>, disponible sur les stores Android et Apple. Une mise \u00e0 jour qui inclut le suivi live des coureurs et l&rsquo;\u00e9cart constamment mis \u00e0 jour entre les diff\u00e9rents protagonistes de la course, ainsi que les classements virtuels et les temps actualis\u00e9s de chaque coureur lors des contre-la-montre. Notre couverture en direct de la 16e \u00e9tape de la Vuelta a Espa\u00f1a 2025 commencera \u00e0 <strong>13:05<\/strong>, co\u00efncidant avec le d\u00e9part des coureurs.<\/p>\n<p><strong>HEURE D&rsquo;ARRIV\u00c9E (PR\u00c9VUE):<\/strong> 17:17-17:44<br \/>\n<strong>T\u00c9L\u00c9VISION EN DIRECT ET EN STREAMING:<\/strong> 14:30-18:00 Eurosport 1, Discovery+<br \/>\n<strong>HASHTAG OFFICIEL:<\/strong> #LaVuelta25<br \/>\n<strong>M\u00e9t\u00e9o pr\u00e9c\u00e9dente<\/strong> : L\u00e9g\u00e8re pluie. Probabilit\u00e9 de pr\u00e9cipitations : 30%. Humidit\u00e9 relative : 73%. Direction du vent NE jusqu&rsquo;\u00e0 13 km\/h. Temp\u00e9rature pr\u00e9vue : minimum 17\u00b0 C, maximum 19\u00b0 C.<\/p>\n<h2>Etape 16 de la Vuelta a Espa\u00f1a 2025<\/h2>\n<p>.<\/p>\n<div class=\"table-is-responsive\">\n<table style=\"width : \"100% ;\" border=\"0\" rules=\"NONE\" cellspacing=\"0\" cellpadding=\"0\">\n<colgroup>\n<col width=\"33\" \/>\n<col width=\"252\" \/>\n<col width=\"176\" \/>\n<col width=\"42\" \/>\n<col width=\"63\" \/>\n<col width=\"47\" \/>\n<col width=\"86\" \/>\n<col width=\"86\" \/>\n<col width=\"86\" \/>\n<col width=\"86\" \/>\n<col width=\"86\" \/>\n<col width=\"86\" \/><\/colgroup>\n<p>.<\/p>\n<tbody>\n<tr>\n<td style=\"width : 41.9131% ;\" align=\"LEFT\" width=\"176\"><strong>NAME<\/strong><\/td>\n<td style=\"width : 6.65538% ; text-align : centre ;\" align=\"CENTER\" width=\"42\"><strong>CAT<\/strong><\/td>\n<td style=\"width : 7.66872% ; text-align : centre ;\" align=\"CENTER\" width=\"63\"><strong>QUOTA<\/strong><\/td>\n<td style=\"width : 8.48667% ; text-align : centre ;\" align=\"LEFT\" width=\"47\"><strong>GPM<\/strong><\/td>\n<td style=\"width : 8.48672% ; text-align : centre ;\" align=\"LEFT\" width=\"86\"><strong>BEGINNING<\/strong><\/td>\n<td style=\"width : 8.69121% ; text-align : centre ;\" align=\"LEFT\" width=\"86\"><strong>LONGH<\/strong><\/td>\n<td style=\"width : 8.17992% ; text-align : centre ;\"><strong>DISL<\/strong><\/td>\n<td style=\"width : 9.81602% ; text-align : centre ;\" align=\"LEFT\" width=\"86\"><strong>%<\/strong><strong> MED<\/strong><\/td>\n<\/tr>\n<tr>\n<td style=\"width : 41.9131% ;\" align=\"LEFT\">Alto de San Antoni\u00f1o<\/td>\n<td style=\"width : 6.65538% ; text-align : centre ;\" align=\"CENTER\">3<\/td>\n<td style=\"width : 7.66872% ; text-align : centre ;\" align=\"CENTER\">402<\/td>\n<td style=\"width : 8.48667% ; text-align : centre ;\" align=\"RIGHT\">82.9<\/td>\n<td style=\"width : 8.48672% ; text-align : centre ;\" align=\"RIGHT\">73.9<\/td>\n<td style=\"width : 8.69121% ; text-align : centre ;\" align=\"RIGHT\">9<\/td>\n<td style=\"width : 8.17992% ; text-align : centre ;\">363<\/td>\n<td style=\"width : 9.81602% ; text-align : centre ;\" align=\"RIGHT\">4%<\/td>\n<\/tr>\n<tr>\n<td style=\"width : 41.9131% ;\" align=\"LEFT\">Haut de Groba<\/td>\n<td style=\"width : 6.65538% ; text-align : centre ;\" align=\"CENTER\">1<\/td>\n<td style=\"width : 7.66872% ; text-align : centre ;\" align=\"CENTER\">623<\/td>\n<td style=\"width : 8.48667% ; text-align : centre ;\" align=\"RIGHT\">109.8<\/td>\n<td style=\"width : 8.48672% ; text-align : centre ;\" align=\"RIGHT\">98.5<\/td>\n<td style=\"width : 8.69121% ; text-align : centre ;\" align=\"RIGHT\">11.3<\/td>\n<td style=\"width : 8.17992% ; text-align : centre ;\">623<\/td>\n<td style=\"width : 9.81602% ; text-align : centre ;\" align=\"RIGHT\">5.4%<\/td>\n<\/tr>\n<tr>\n<td style=\"width : 41.9131% ;\">Alto de Prado (BONUS)<\/td>\n<td style=\"width : 6.65538% ; text-align : centre ;\">2<\/td>\n<td style=\"width : 7.66872% ; text-align : centre ;\">439<\/td>\n<td style=\"width : 8.48667% ; text-align : centre ;\">144.5<\/td>\n<td style=\"width : 8.48672% ; text-align : centre ;\">140.2<\/td>\n<td style=\"width : 8.69121% ; text-align : centre ;\">4.3<\/td>\n<td style=\"width : 8.17992% ; text-align : centre ;\">384<\/td>\n<td style=\"width : 9.81602% ; text-align : centre ;\">8.9%<\/td>\n<\/tr>\n<tr>\n<td style=\"width : 41.9131% ;\">Castro de Herville<\/td>\n<td style=\"width : 6.65538% ; text-align : centre ;\">2<\/td>\n<td style=\"width : 7.66872% ; text-align : center ;\">504<\/td>\n<td style=\"width : 8.48667% ; text-align : centre ;\">167.9<\/td>\n<td style=\"width : 8.48672% ; text-align : centre ;\">159.7<\/td>\n<td style=\"width : 8.69121% ; text-align : centre ;\">8.2<\/td>\n<td style=\"width : 8.17992% ; text-align : centre ;\">431<\/td>\n<td style=\"width : 9.81602% ; text-align : centre ;\">5.2%<\/td>\n<\/tr>\n<\/tbody>\n<\/table>\n<\/div>\n<h2><span style=\"font-size : 22px ;\">Liste des Favoris Seizi\u00e8me \u00e9tape Vuelta a Espa\u00f1a 2025<\/span><\/h2>\n<p>.<br \/>\n***** Jonas Vingegaard<br \/>\n**** Juan Ayuso, Jay Vine<br \/>\n*** Joao Almeida, Jai Hindley, Tom Pidcock<br \/>\n** Santiago Buitrago, Eddie Dunbar, Marc Soler, Harold Tejada<br \/>\n* Egan Bernal, Felix Gall, David Gaudu, Sepp Kuss, Finley Pickering<\/p>\n<h2>Direct Seizi\u00e8me \u00e9tape Vuelta a Espa\u00f1a 2025 LIVE<\/h2>\n<p>.<br \/>\n<iframe loading=\"lazy\" src=\"https:\/\/secure.cyclingprodata.com\/widgets\/latest\/widgets.html ?type=webapp&amp;language=fr&amp;tour_id=854&amp;stage_number=16&amp;show_gradients=true&amp;include_fantasy_standings=true&amp;use_tours_sponsor_images=false&amp;include_logo_bar=false&#038;amp ;include_full_screen=true&amp;allowfullscreen=true&#038;quot ;\" width=\"100%\" height=\"900\" allowfullscreen=\"allowfullscreen\" data-mce-fragment=\"1\"><span data-mce-type=\"bookmark\" style=\"display : inline-block ; width : 0px ; overflow : hidden ; line-height : 0 ;\" class=\"mce_SELRES_start\"><\/span>&lt;span data-mce-type=\u00a0\u00bbbookmark\u00a0\u00bb style=\u00a0\u00bbdisplay : inline-block ; width : 0px ; overflow : hidden ; line-height : 0 ;\u00a0\u00bb <\/iframe><\/p>\n","protected":false},"excerpt":{"rendered":"<p>Amis passionn\u00e9s de cyclisme, bonjour et bienvenue sur lebulletin interactif complet en direct de la 16e \u00e9tape de la Vuelta a Espa\u00f1a 2025. La troisi\u00e8me et derni\u00e8re semaine du GT espagnol s&rsquo;ouvre sur une \u00e9tape plut\u00f4t nerveuse et exigeante de 167,9 kilom\u00e8tres entre Poio et Mos \/ Castro de Herville, au cours de laquelle il &hellip;<\/p>\n","protected":false},"author":20,"featured_media":159671,"comment_status":"open","ping_status":"open","sticky":false,"template":"","format":"standard","meta":{"footnotes":""},"categories":[3],"tags":[],"class_list":["post-159672","post","type-post","status-publish","format-standard","has-post-thumbnail","hentry","category-autre"],"_links":{"self":[{"href":"https:\/\/cyclingpro.net\/velopro\/wp-json\/wp\/v2\/posts\/159672","targetHints":{"allow":["GET"]}}],"collection":[{"href":"https:\/\/cyclingpro.net\/velopro\/wp-json\/wp\/v2\/posts"}],"about":[{"href":"https:\/\/cyclingpro.net\/velopro\/wp-json\/wp\/v2\/types\/post"}],"author":[{"embeddable":true,"href":"https:\/\/cyclingpro.net\/velopro\/wp-json\/wp\/v2\/users\/20"}],"replies":[{"embeddable":true,"href":"https:\/\/cyclingpro.net\/velopro\/wp-json\/wp\/v2\/comments?post=159672"}],"version-history":[{"count":0,"href":"https:\/\/cyclingpro.net\/velopro\/wp-json\/wp\/v2\/posts\/159672\/revisions"}],"wp:featuredmedia":[{"embeddable":true,"href":"https:\/\/cyclingpro.net\/velopro\/wp-json\/wp\/v2\/media\/159671"}],"wp:attachment":[{"href":"https:\/\/cyclingpro.net\/velopro\/wp-json\/wp\/v2\/media?parent=159672"}],"wp:term":[{"taxonomy":"category","embeddable":true,"href":"https:\/\/cyclingpro.net\/velopro\/wp-json\/wp\/v2\/categories?post=159672"},{"taxonomy":"post_tag","embeddable":true,"href":"https:\/\/cyclingpro.net\/velopro\/wp-json\/wp\/v2\/tags?post=159672"}],"curies":[{"name":"wp","href":"https:\/\/api.w.org\/{rel}","templated":true}]}}