{"id":158051,"date":"2025-08-08T16:26:22","date_gmt":"2025-08-08T14:26:22","guid":{"rendered":"https:\/\/cyclingpro.net\/velopro\/uncategorized\/vuelta-a-burgos-2025-damiano-caruso-en-solo-dans-la-derniere-etape\/"},"modified":"2025-08-08T16:26:22","modified_gmt":"2025-08-08T14:26:22","slug":"vuelta-a-burgos-2025-damiano-caruso-en-solo-dans-la-derniere-etape","status":"publish","type":"post","link":"https:\/\/cyclingpro.net\/velopro\/autre\/vuelta-a-burgos-2025-damiano-caruso-en-solo-dans-la-derniere-etape\/","title":{"rendered":"Vuelta a Burgos 2025, Damiano Caruso en solo dans la derni\u00e8re \u00e9tape !"},"content":{"rendered":"<p>Damiano Caruso remporte en solitaire la derni\u00e8re \u00e9tape de la Vuelta a Burgos 2025.<\/p>\n<p><em>Nous suivrons les mises \u00e0 jour<\/em>.<\/p>\n<h2><span style=\"font-size : 24px ;\">R\u00e9sultats et classements \u00c9tape 4 Vuelta a Burgos 2025<\/span><\/h2>\n<p>.<br \/>\n<iframe loading=\"lazy\" src=\"https:\/\/secure.cyclingprodata.com\/widgets\/latest\/widgets.html ?type=results&amp;tour_id=955&amp;stage_number=4&amp;use_icons_for_one_column=true&amp;reflow_mode=true\" width=\"100%\" height=\"1000px\" data-mce-fragment=\"1\"><span data-mce-type=\"bookmark\" style=\"display : inline-block ; width : 0px ; overflow : hidden ; line-height : 0 ;\" class=\"mce_SELRES_start\"><\/span><span data-mce-type=\"bookmark\" style=\"display : inline-block ; width : 0px ; overflow : hidden ; line-height : 0 ;\" class=\"mce_SELRES_start\"><\/span><span data-mce-type=\"bookmark\" style=\"display : inline-block ; width : 0px ; overflow : hidden ; line-height : 0 ;\" class=\"mce_SELRES_start\"><\/span><\/iframe><\/p>\n","protected":false},"excerpt":{"rendered":"<p>Damiano Caruso remporte en solitaire la derni\u00e8re \u00e9tape de la Vuelta a Burgos 2025. Nous suivrons les mises \u00e0 jour. R\u00e9sultats et classements \u00c9tape 4 Vuelta a Burgos 2025 .<\/p>\n","protected":false},"author":20,"featured_media":158050,"comment_status":"open","ping_status":"open","sticky":false,"template":"","format":"standard","meta":{"footnotes":""},"categories":[3],"tags":[],"class_list":["post-158051","post","type-post","status-publish","format-standard","has-post-thumbnail","hentry","category-autre"],"_links":{"self":[{"href":"https:\/\/cyclingpro.net\/velopro\/wp-json\/wp\/v2\/posts\/158051","targetHints":{"allow":["GET"]}}],"collection":[{"href":"https:\/\/cyclingpro.net\/velopro\/wp-json\/wp\/v2\/posts"}],"about":[{"href":"https:\/\/cyclingpro.net\/velopro\/wp-json\/wp\/v2\/types\/post"}],"author":[{"embeddable":true,"href":"https:\/\/cyclingpro.net\/velopro\/wp-json\/wp\/v2\/users\/20"}],"replies":[{"embeddable":true,"href":"https:\/\/cyclingpro.net\/velopro\/wp-json\/wp\/v2\/comments?post=158051"}],"version-history":[{"count":0,"href":"https:\/\/cyclingpro.net\/velopro\/wp-json\/wp\/v2\/posts\/158051\/revisions"}],"wp:featuredmedia":[{"embeddable":true,"href":"https:\/\/cyclingpro.net\/velopro\/wp-json\/wp\/v2\/media\/158050"}],"wp:attachment":[{"href":"https:\/\/cyclingpro.net\/velopro\/wp-json\/wp\/v2\/media?parent=158051"}],"wp:term":[{"taxonomy":"category","embeddable":true,"href":"https:\/\/cyclingpro.net\/velopro\/wp-json\/wp\/v2\/categories?post=158051"},{"taxonomy":"post_tag","embeddable":true,"href":"https:\/\/cyclingpro.net\/velopro\/wp-json\/wp\/v2\/tags?post=158051"}],"curies":[{"name":"wp","href":"https:\/\/api.w.org\/{rel}","templated":true}]}}