{"id":158049,"date":"2025-08-08T15:05:33","date_gmt":"2025-08-08T13:05:33","guid":{"rendered":"https:\/\/cyclingpro.net\/velopro\/uncategorized\/soudal-quick-step-contrat-de-deux-ans-pour-dylan-van-baarle-devenir-membre-du-wolfpack-est-un-reve-qui-se-realise-mon-objectif-est-de-revenir-au-meilleur-niveau-pour-les-classiques\/"},"modified":"2025-08-08T15:05:33","modified_gmt":"2025-08-08T13:05:33","slug":"soudal-quick-step-contrat-de-deux-ans-pour-dylan-van-baarle-devenir-membre-du-wolfpack-est-un-reve-qui-se-realise-mon-objectif-est-de-revenir-au-meilleur-niveau-pour-les-classiques","status":"publish","type":"post","link":"https:\/\/cyclingpro.net\/velopro\/autre\/soudal-quick-step-contrat-de-deux-ans-pour-dylan-van-baarle-devenir-membre-du-wolfpack-est-un-reve-qui-se-realise-mon-objectif-est-de-revenir-au-meilleur-niveau-pour-les-classiques\/","title":{"rendered":"Soudal Quick-Step, contrat de deux ans pour Dylan Van Baarle : \u00ab\u00a0Devenir membre du Wolfpack est un r\u00eave qui se r\u00e9alise. Mon objectif est de revenir au meilleur niveau pour les classiques\u00a0\u00bb"},"content":{"rendered":"<p><strong>Dylan Van Baarle<\/strong> roulera avec <strong>Soudal Quick-Step<\/strong> \u00e0 partir du 1er janvier 2026. Le coureur n\u00e9erlandais, vainqueur de Paris-Roubaix 2022, a sign\u00e9 un contrat de deux ans avec l&rsquo;\u00e9quipe belge et quittera donc Visma | Lease a Bike apr\u00e8s trois ans.<\/p>\n<p><em>Plus d&rsquo;informations<\/em> suivront<\/p>\n","protected":false},"excerpt":{"rendered":"<p>Dylan Van Baarle roulera avec Soudal Quick-Step \u00e0 partir du 1er janvier 2026. Le coureur n\u00e9erlandais, vainqueur de Paris-Roubaix 2022, a sign\u00e9 un contrat de deux ans avec l&rsquo;\u00e9quipe belge et quittera donc Visma | Lease a Bike apr\u00e8s trois ans. Plus d&rsquo;informations suivront<\/p>\n","protected":false},"author":20,"featured_media":158048,"comment_status":"open","ping_status":"open","sticky":false,"template":"","format":"standard","meta":{"footnotes":""},"categories":[3],"tags":[],"class_list":["post-158049","post","type-post","status-publish","format-standard","has-post-thumbnail","hentry","category-autre"],"_links":{"self":[{"href":"https:\/\/cyclingpro.net\/velopro\/wp-json\/wp\/v2\/posts\/158049","targetHints":{"allow":["GET"]}}],"collection":[{"href":"https:\/\/cyclingpro.net\/velopro\/wp-json\/wp\/v2\/posts"}],"about":[{"href":"https:\/\/cyclingpro.net\/velopro\/wp-json\/wp\/v2\/types\/post"}],"author":[{"embeddable":true,"href":"https:\/\/cyclingpro.net\/velopro\/wp-json\/wp\/v2\/users\/20"}],"replies":[{"embeddable":true,"href":"https:\/\/cyclingpro.net\/velopro\/wp-json\/wp\/v2\/comments?post=158049"}],"version-history":[{"count":0,"href":"https:\/\/cyclingpro.net\/velopro\/wp-json\/wp\/v2\/posts\/158049\/revisions"}],"wp:featuredmedia":[{"embeddable":true,"href":"https:\/\/cyclingpro.net\/velopro\/wp-json\/wp\/v2\/media\/158048"}],"wp:attachment":[{"href":"https:\/\/cyclingpro.net\/velopro\/wp-json\/wp\/v2\/media?parent=158049"}],"wp:term":[{"taxonomy":"category","embeddable":true,"href":"https:\/\/cyclingpro.net\/velopro\/wp-json\/wp\/v2\/categories?post=158049"},{"taxonomy":"post_tag","embeddable":true,"href":"https:\/\/cyclingpro.net\/velopro\/wp-json\/wp\/v2\/tags?post=158049"}],"curies":[{"name":"wp","href":"https:\/\/api.w.org\/{rel}","templated":true}]}}