{"id":158045,"date":"2025-08-08T14:05:07","date_gmt":"2025-08-08T12:05:07","guid":{"rendered":"https:\/\/cyclingpro.net\/velopro\/uncategorized\/tour-du-danemark-2025-la-liste-de-depart-provisoire\/"},"modified":"2025-08-08T14:05:07","modified_gmt":"2025-08-08T12:05:07","slug":"tour-du-danemark-2025-la-liste-de-depart-provisoire","status":"publish","type":"post","link":"https:\/\/cyclingpro.net\/velopro\/autre\/tour-du-danemark-2025-la-liste-de-depart-provisoire\/","title":{"rendered":"Tour du Danemark 2025, la liste de d\u00e9part provisoire"},"content":{"rendered":"<p>18 \u00e9quipes seront au d\u00e9part du <strong>Jour du Danemark 2025<\/strong>. Programm\u00e9e <strong>du 12 au 16 ao\u00fbt<\/strong>, la course \u00e0 \u00e9tapes du nord de l&rsquo;Europe confirme son traditionnel emplacement au milieu de l&rsquo;\u00e9t\u00e9, malgr\u00e9 le fait qu&rsquo;elle se d\u00e9roulera en m\u00eame temps que plusieurs autres \u00e9preuves du calendrier international, ce qui a tendance \u00e0 limiter un peu le parterre. En effet, il n&rsquo;y aura que quatre \u00e9quipes WorldTour au d\u00e9part, qui aligneront toutefois des noms importants, plus sept \u00e9quipes Professional, dont l&rsquo;italienne Polti VisitMalta. Cinq \u00e9quipes Continentales, dont l&rsquo;\u00e9quipe de d\u00e9veloppement de Decathlon AG2R La Mondiale Team, et la s\u00e9lection nationale danoise compl\u00e8tent le groupe.<\/p>\n<h2>Tour du Danemark 2025<\/h2>\n<p>.<br \/>\n<strong>ALPECIN-DECEUNINCK<\/strong><br \/>\nPHILIPSEN Jasper<br \/>\nPRICE-PEJTERSEN Johan<\/p>\n<p><strong>LIDL-TREK<\/strong><br \/>\nKRAGH ANDERSEN S\u00f8ren<br \/>\nPEDERSEN Mads<br \/>\nSKJELMOSE Mattias<br \/>\nWITHEN PHILIPSEN Albert<\/p>\n<p><strong>TEAM PICNIC POSTNL<\/strong><br \/>\nJAKOBSEN Fabio<\/p>\n<p><strong>TEAM VISMA | LEASE A BIKE<\/strong><br \/>\nVAN BAARLE Dylan<\/p>\n<p><strong>EUSKALTEL-EUSKADI<\/strong><\/p>\n<p><strong>LOT<\/strong><br \/>\nDE LIE Arnaud<br \/>\nGREGAARD Jonas<br \/>\nSEGAERT Alec<\/p>\n<p><strong>TEAM FLANDERS-BALOISE<\/strong><br \/>\nCOLMAN Alex<br \/>\nCRABBE Tom<br \/>\nVAN HEMELEN Vincent<br \/>\nVANDENBRANDEN Noah<br \/>\nVANDENSTORME Dylan<br \/>\nVANHOOF Ward<br \/>\nVERCOUILLIE Victor<\/p>\n<p><strong>TEAM NOVO Nordisk \u2713<\/strong><br \/>\nKOPECKY Matyas<br \/>\nLOZANO David<br \/>\nMCDONALD Bailey<br \/>\nMULLER Anton<br \/>\nPERON Andrea<br \/>\nPOLGA Antonio<br \/>\nRIDOLFO Philip<\/p>\n<p><strong>TEAM POLTI VISITMALTA<\/strong>.<\/p>\n<p><strong>UNIBET TIETEMA ROCKETS<\/strong>.<\/p>\n<p><Uno-X Mobility<\/strong>.<br \/>\nCORT Magnus<br \/>\nW\u00c6RENSKJOLD S\u00f8ren<\/p>\n<p><strong>AIRTOX-CARL RAS<\/strong><\/p>\n<p><strong>BHS-PL BETON BORNHOLM<\/strong><br \/>\nLARSEN Niklas<\/p>\n<p><strong>DECATHLON AG2R LA MONDIALE DEVELOPMENT TEAM<\/strong><\/p>\n<p><strong>TEAM COLOQUICK<\/strong><br \/>\nGUDNITZ Joshua<br \/>\nSVARRE Tobias<\/p>\n<p><strong>TEAM GIVE STEEL-2M CYCLING ELITE<\/strong><\/p>\n<p><strong>TEAM Lotto KERN-HAUS PSD BANK<\/strong><\/p>\n<p><strong>DENMARK<\/strong><br \/>\nCLEMMENSEN Theodor<br \/>\nFOLDAGER Anders<br \/>\nFUGLSANG Jakob<br \/>\nJOHANSEN Julius<br \/>\nWANG Gustav<br \/>\nW\u00dcRTZ SCHMIDT Mads<\/p>\n","protected":false},"excerpt":{"rendered":"<p>18 \u00e9quipes seront au d\u00e9part du Jour du Danemark 2025. Programm\u00e9e du 12 au 16 ao\u00fbt, la course \u00e0 \u00e9tapes du nord de l&rsquo;Europe confirme son traditionnel emplacement au milieu de l&rsquo;\u00e9t\u00e9, malgr\u00e9 le fait qu&rsquo;elle se d\u00e9roulera en m\u00eame temps que plusieurs autres \u00e9preuves du calendrier international, ce qui a tendance \u00e0 limiter un &hellip;<\/p>\n","protected":false},"author":20,"featured_media":158044,"comment_status":"open","ping_status":"open","sticky":false,"template":"","format":"standard","meta":{"footnotes":""},"categories":[3],"tags":[],"class_list":["post-158045","post","type-post","status-publish","format-standard","has-post-thumbnail","hentry","category-autre"],"_links":{"self":[{"href":"https:\/\/cyclingpro.net\/velopro\/wp-json\/wp\/v2\/posts\/158045","targetHints":{"allow":["GET"]}}],"collection":[{"href":"https:\/\/cyclingpro.net\/velopro\/wp-json\/wp\/v2\/posts"}],"about":[{"href":"https:\/\/cyclingpro.net\/velopro\/wp-json\/wp\/v2\/types\/post"}],"author":[{"embeddable":true,"href":"https:\/\/cyclingpro.net\/velopro\/wp-json\/wp\/v2\/users\/20"}],"replies":[{"embeddable":true,"href":"https:\/\/cyclingpro.net\/velopro\/wp-json\/wp\/v2\/comments?post=158045"}],"version-history":[{"count":0,"href":"https:\/\/cyclingpro.net\/velopro\/wp-json\/wp\/v2\/posts\/158045\/revisions"}],"wp:featuredmedia":[{"embeddable":true,"href":"https:\/\/cyclingpro.net\/velopro\/wp-json\/wp\/v2\/media\/158044"}],"wp:attachment":[{"href":"https:\/\/cyclingpro.net\/velopro\/wp-json\/wp\/v2\/media?parent=158045"}],"wp:term":[{"taxonomy":"category","embeddable":true,"href":"https:\/\/cyclingpro.net\/velopro\/wp-json\/wp\/v2\/categories?post=158045"},{"taxonomy":"post_tag","embeddable":true,"href":"https:\/\/cyclingpro.net\/velopro\/wp-json\/wp\/v2\/tags?post=158045"}],"curies":[{"name":"wp","href":"https:\/\/api.w.org\/{rel}","templated":true}]}}