{"id":158041,"date":"2025-08-08T12:55:34","date_gmt":"2025-08-08T10:55:34","guid":{"rendered":"https:\/\/cyclingpro.net\/velopro\/uncategorized\/circuit-franco-belge-2025-le-parcours-carte-et-profil\/"},"modified":"2025-08-08T12:55:34","modified_gmt":"2025-08-08T10:55:34","slug":"circuit-franco-belge-2025-le-parcours-carte-et-profil","status":"publish","type":"post","link":"https:\/\/cyclingpro.net\/velopro\/autre\/circuit-franco-belge-2025-le-parcours-carte-et-profil\/","title":{"rendered":"Circuit Franco-Belge 2025, le Parcours (Carte et Profil)"},"content":{"rendered":"<p>Parcours conforme \u00e0 celui des derni\u00e8res \u00e9ditions pour le <strong>Circuit Franco-Belge 2025<\/strong>. Programm\u00e9e le <strong>vendredi 15 ao\u00fbt<\/strong>, la course belge confirme le d\u00e9part \u00e0 <strong>Tournai<\/strong>, l&rsquo;arriv\u00e9e \u00e0 <strong>Mont-de-l&rsquo;Enclus<\/strong> et les principales bosses, ne modifiant que la premi\u00e8re partie de la course par rapport \u00e0 l&rsquo;ann\u00e9e derni\u00e8re et portant la distance totale \u00e0 206,7 kilom\u00e8tres (contre 190,6 en 2024). Apr\u00e8s le d\u00e9part, les coureurs devront parcourir un long circuit pendant une fois et demie, qui comportera deux ascensions du <strong>Col de la Croix Jubaru<\/strong> et, apr\u00e8s un premier passage sur la ligne d&rsquo;arriv\u00e9e, une du <strong>Col du Horlitin<\/strong>. Ce dernier sera \u00e9galement la premi\u00e8re difficult\u00e9 du circuit final, qui sera r\u00e9p\u00e9t\u00e9 cinq fois et comprendra la <strong>C\u00f4te du Trieu &#8211; Knokteberg<\/strong> ainsi que la mont\u00e9e vers l&rsquo;arriv\u00e9e, o\u00f9 un groupe relativement restreint pourrait se disputer la victoire, comme cela s&rsquo;est produit il y a un an, <a href=\"https:\/\/cyclingpro.net\/spaziociclismo\/sintesi-gare\/circuit-franco-belge-2024-volata-regale-di-biniam-girmay-su-axel-zingle-e-marc-hirschi-6-vincenzo-albanese\/\">lorsque Biniam Girmay<\/a> l&rsquo;a emport\u00e9.<\/p>\n<h2>Circuit Franco-Belge 2025 : profil et profil<\/h2>\n<p>.<br \/>\n<a href=\"https:\/\/cyclingpro.net\/spaziociclismo\/wp-content\/uploads\/2025\/08\/Circuit-Franco-Belge-2025-Altimetria-e-Planimetria.jpg\"><img loading=\"lazy\" decoding=\"async\" class=\"aligncenter wp-image-343367 size-full\" src=\"https:\/\/cyclingpro.net\/spaziociclismo\/wp-content\/uploads\/2025\/08\/Circuit-Franco-Belge-2025-Altimetria-e-Planimetria.jpg\" alt=\"\" width=\"1130\" height=\"1600\" \/><\/a><\/p>\n","protected":false},"excerpt":{"rendered":"<p>Parcours conforme \u00e0 celui des derni\u00e8res \u00e9ditions pour le Circuit Franco-Belge 2025. Programm\u00e9e le vendredi 15 ao\u00fbt, la course belge confirme le d\u00e9part \u00e0 Tournai, l&rsquo;arriv\u00e9e \u00e0 Mont-de-l&rsquo;Enclus et les principales bosses, ne modifiant que la premi\u00e8re partie de la course par rapport \u00e0 l&rsquo;ann\u00e9e derni\u00e8re et portant la distance totale \u00e0 206,7 kilom\u00e8tres (contre &hellip;<\/p>\n","protected":false},"author":20,"featured_media":158040,"comment_status":"open","ping_status":"open","sticky":false,"template":"","format":"standard","meta":{"footnotes":""},"categories":[3],"tags":[],"class_list":["post-158041","post","type-post","status-publish","format-standard","has-post-thumbnail","hentry","category-autre"],"_links":{"self":[{"href":"https:\/\/cyclingpro.net\/velopro\/wp-json\/wp\/v2\/posts\/158041","targetHints":{"allow":["GET"]}}],"collection":[{"href":"https:\/\/cyclingpro.net\/velopro\/wp-json\/wp\/v2\/posts"}],"about":[{"href":"https:\/\/cyclingpro.net\/velopro\/wp-json\/wp\/v2\/types\/post"}],"author":[{"embeddable":true,"href":"https:\/\/cyclingpro.net\/velopro\/wp-json\/wp\/v2\/users\/20"}],"replies":[{"embeddable":true,"href":"https:\/\/cyclingpro.net\/velopro\/wp-json\/wp\/v2\/comments?post=158041"}],"version-history":[{"count":0,"href":"https:\/\/cyclingpro.net\/velopro\/wp-json\/wp\/v2\/posts\/158041\/revisions"}],"wp:featuredmedia":[{"embeddable":true,"href":"https:\/\/cyclingpro.net\/velopro\/wp-json\/wp\/v2\/media\/158040"}],"wp:attachment":[{"href":"https:\/\/cyclingpro.net\/velopro\/wp-json\/wp\/v2\/media?parent=158041"}],"wp:term":[{"taxonomy":"category","embeddable":true,"href":"https:\/\/cyclingpro.net\/velopro\/wp-json\/wp\/v2\/categories?post=158041"},{"taxonomy":"post_tag","embeddable":true,"href":"https:\/\/cyclingpro.net\/velopro\/wp-json\/wp\/v2\/tags?post=158041"}],"curies":[{"name":"wp","href":"https:\/\/api.w.org\/{rel}","templated":true}]}}