{"id":158039,"date":"2025-08-08T11:28:56","date_gmt":"2025-08-08T09:28:56","guid":{"rendered":"https:\/\/cyclingpro.net\/velopro\/uncategorized\/trans-himalaya-cycling-race-2025-victoire-au-sprint-de-lestonien-martin-laas-lors-de-la-deuxieme-etape\/"},"modified":"2025-08-08T11:28:56","modified_gmt":"2025-08-08T09:28:56","slug":"trans-himalaya-cycling-race-2025-victoire-au-sprint-de-lestonien-martin-laas-lors-de-la-deuxieme-etape","status":"publish","type":"post","link":"https:\/\/cyclingpro.net\/velopro\/autre\/trans-himalaya-cycling-race-2025-victoire-au-sprint-de-lestonien-martin-laas-lors-de-la-deuxieme-etape\/","title":{"rendered":"Trans-Himalaya Cycling Race 2025, victoire au sprint de l&rsquo;Estonien Martin Laas lors de la deuxi\u00e8me \u00e9tape"},"content":{"rendered":"<p>La deuxi\u00e8me \u00e9tape de la <strong>Trans-Himalaya Cycling Race 2025<\/strong> s&rsquo;est achev\u00e9e sur la victoire de <strong>Martin Laas<\/strong>. L&rsquo;\u00e9tape, qui s&rsquo;est d\u00e9roul\u00e9e aux premi\u00e8res heures de la matin\u00e9e italienne le vendredi 8 ao\u00fbt, s&rsquo;est d\u00e9cid\u00e9e lors d&rsquo;un sprint massif, \u00e0 l&rsquo;issue duquel le coureur estonien, portant le maillot de l&rsquo;\u00e9quipe Quick Pro, a laiss\u00e9 tous ses rivaux derri\u00e8re lui.<\/p>\n<p><em>\/ mises \u00e0 jour \u00e0 suivre<\/em>.<\/p>\n<h2>R\u00e9sultat et classements \u00e9tape 2 course cycliste Trans-Himalaya 2025<\/h2>\n<p>.<br \/>\n<iframe loading=\"lazy\" src=\"https:\/\/secure.cyclingprodata.com\/widgets\/latest\/widgets.html ?type=results&amp;tour_id=967&amp;stage_number=2&amp;use_icons_for_one_column=true&amp;reflow_mode=true\" width=\"100%\" height=\"1000px\" data-mce-fragment=\"1\"><span data-mce-type=\"bookmark\" style=\"display : inline-block ; width : 0px ; overflow : hidden ; line-height : 0 ;\" class=\"mce_SELRES_start\"><\/span><span data-mce-type=\"bookmark\" style=\"display : inline-block ; width : 0px ; overflow : hidden ; line-height : 0 ;\" class=\"mce_SELRES_start\"><\/span><span data-mce-type=\"bookmark\" style=\"display : inline-block ; width : 0px ; overflow : hidden ; line-height : 0 ;\" class=\"mce_SELRES_start\"><\/span><\/iframe><\/p>\n","protected":false},"excerpt":{"rendered":"<p>La deuxi\u00e8me \u00e9tape de la Trans-Himalaya Cycling Race 2025 s&rsquo;est achev\u00e9e sur la victoire de Martin Laas. L&rsquo;\u00e9tape, qui s&rsquo;est d\u00e9roul\u00e9e aux premi\u00e8res heures de la matin\u00e9e italienne le vendredi 8 ao\u00fbt, s&rsquo;est d\u00e9cid\u00e9e lors d&rsquo;un sprint massif, \u00e0 l&rsquo;issue duquel le coureur estonien, portant le maillot de l&rsquo;\u00e9quipe Quick Pro, a laiss\u00e9 tous ses &hellip;<\/p>\n","protected":false},"author":20,"featured_media":158038,"comment_status":"open","ping_status":"open","sticky":false,"template":"","format":"standard","meta":{"footnotes":""},"categories":[3],"tags":[],"class_list":["post-158039","post","type-post","status-publish","format-standard","has-post-thumbnail","hentry","category-autre"],"_links":{"self":[{"href":"https:\/\/cyclingpro.net\/velopro\/wp-json\/wp\/v2\/posts\/158039","targetHints":{"allow":["GET"]}}],"collection":[{"href":"https:\/\/cyclingpro.net\/velopro\/wp-json\/wp\/v2\/posts"}],"about":[{"href":"https:\/\/cyclingpro.net\/velopro\/wp-json\/wp\/v2\/types\/post"}],"author":[{"embeddable":true,"href":"https:\/\/cyclingpro.net\/velopro\/wp-json\/wp\/v2\/users\/20"}],"replies":[{"embeddable":true,"href":"https:\/\/cyclingpro.net\/velopro\/wp-json\/wp\/v2\/comments?post=158039"}],"version-history":[{"count":0,"href":"https:\/\/cyclingpro.net\/velopro\/wp-json\/wp\/v2\/posts\/158039\/revisions"}],"wp:featuredmedia":[{"embeddable":true,"href":"https:\/\/cyclingpro.net\/velopro\/wp-json\/wp\/v2\/media\/158038"}],"wp:attachment":[{"href":"https:\/\/cyclingpro.net\/velopro\/wp-json\/wp\/v2\/media?parent=158039"}],"wp:term":[{"taxonomy":"category","embeddable":true,"href":"https:\/\/cyclingpro.net\/velopro\/wp-json\/wp\/v2\/categories?post=158039"},{"taxonomy":"post_tag","embeddable":true,"href":"https:\/\/cyclingpro.net\/velopro\/wp-json\/wp\/v2\/tags?post=158039"}],"curies":[{"name":"wp","href":"https:\/\/api.w.org\/{rel}","templated":true}]}}