{"id":158029,"date":"2025-08-08T08:54:45","date_gmt":"2025-08-08T06:54:45","guid":{"rendered":"https:\/\/cyclingpro.net\/velopro\/uncategorized\/tour-de-lain-2025-nicolas-prodhomme-en-tete-a-une-etape-de-larrivee-je-vais-tout-donner-pour-defendre-le-maillot-decathlon-ag2r-la-mondiale-en-tete-de-trois-courses\/"},"modified":"2025-08-08T08:54:45","modified_gmt":"2025-08-08T06:54:45","slug":"tour-de-lain-2025-nicolas-prodhomme-en-tete-a-une-etape-de-larrivee-je-vais-tout-donner-pour-defendre-le-maillot-decathlon-ag2r-la-mondiale-en-tete-de-trois-courses","status":"publish","type":"post","link":"https:\/\/cyclingpro.net\/velopro\/autre\/tour-de-lain-2025-nicolas-prodhomme-en-tete-a-une-etape-de-larrivee-je-vais-tout-donner-pour-defendre-le-maillot-decathlon-ag2r-la-mondiale-en-tete-de-trois-courses\/","title":{"rendered":"Tour de l&rsquo;Ain 2025, Nicolas Prodhomme en t\u00eate \u00e0 une \u00e9tape de l&rsquo;arriv\u00e9e : \u00a0\u00bb Je vais tout donner pour d\u00e9fendre le maillot \u00a0\u00bb &#8211; Decathlon Ag2R La Mondiale en t\u00eate de trois courses"},"content":{"rendered":"<p>Une semaine qui pourrait devenir m\u00e9morable pour le <strong>D\u00e9cathlon Ag2R La Mondiale<\/strong> est en cours, notamment gr\u00e2ce \u00e0 <strong>Nicolas Prodhomme<\/strong>. <\/strong>Le coureur de 28 ans, qui avait d\u00e9j\u00e0 remport\u00e9 une \u00e9tape du <strong>Giro d&rsquo;Italia 2025<\/strong>, a confirm\u00e9 ses qualit\u00e9s de coureur<a href=\"https:\/\/cyclingpro.net\/spaziociclismo\/sintesi-gare\/tour-de-lain-2025-colpo-doppio-di-nicolas-prodhomme-su-cian-uijtdebroeks-8-gianluca-brambilla\/\" target=\"_blank\" rel=\"noopener\"> en remportant la deuxi\u00e8me \u00e9tape du <\/a><strong>Tour de l&rsquo;Ain 2025<\/strong> et en s&#8217;emparant ainsi du maillot de leader de la courte course par \u00e9tapes fran\u00e7aise. Tout cela pendant que <a href=\"https:\/\/cyclingpro.net\/spaziociclismo\/continental\/vuelta-a-burgos-2025-leo-bisiaux-raggiante-molto-felice-per-la-mia-prima-da-prof-ora-spero-di-riuscire-a-tenere-la-maglia\/\" target=\"_blank\" rel=\"noopener\">L\u00e9o Bisiaux remportait la deuxi\u00e8me \u00e9tape de la <strong>Vuelta a Burgos 2025<\/strong><\/a> et que Paul Lapeira d\u00e9fendait, certes avec une jambe en moins, son avance dans le <strong>Poland Tour 2025<\/strong>. Bref, une belle moisson pour l&rsquo;\u00e9quipe de France WorldTour, qui pourrait se transformer en r\u00e9colte d&rsquo;ici le dimanche 10 ao\u00fbt.<\/p>\n<p>Le premier des coureurs du Decathlon Ag2R La Mondiale \u00e0 avoir une chance d&rsquo;atteindre l&rsquo;objectif global sera Prodhomme lui-m\u00eame, puisque le Tour de l&rsquo;Ain 2025 se termine aujourd&rsquo;hui, vendredi 8 ao\u00fbt : \u00a0\u00bb Je suis heureux d&rsquo;\u00eatre en t\u00eate du classement &#8211; ses mots apr\u00e8s la journ\u00e9e victorieuse dans le Jura &#8211; Nous avons une grande \u00e9quipe, avec un grand esprit d&rsquo;\u00e9quipe. Nous allons tout donner pour d\u00e9fendre ce maillot et ramener une nouvelle victoire.<\/p>\n<p>Et Prodhomme d&rsquo;ajouter : \u00ab\u00a0Nous sommes arriv\u00e9s sur cette course avec de grandes ambitions et nous nous sommes dit qu&rsquo;il fallait tenter quelque chose sur cette \u00e9tape\u00a0\u00bb, a d\u00e9clar\u00e9 le Fran\u00e7ais, \u00ab\u00a0Compte tenu du fait qu&rsquo;il n&rsquo;y a pas de bonifications sur cette course et du r\u00e9sultat de la premi\u00e8re \u00e9tape, nous savions que ce serait \u00e0 Visma|Lease a Bike de prendre des risques et que je n&rsquo;aurais plus qu&rsquo;\u00e0 r\u00e9agir \u00e0 leurs mouvements. J&rsquo;ai suivi les diff\u00e9rentes attaques (notamment celle de Cian Uijtdebroeks &#8211; ndlr) jusqu&rsquo;au bout et j&rsquo;ai ensuite r\u00e9ussi \u00e0 m&rsquo;imposer au sprint.<\/p>\n","protected":false},"excerpt":{"rendered":"<p>Une semaine qui pourrait devenir m\u00e9morable pour le D\u00e9cathlon Ag2R La Mondiale est en cours, notamment gr\u00e2ce \u00e0 Nicolas Prodhomme. Le coureur de 28 ans, qui avait d\u00e9j\u00e0 remport\u00e9 une \u00e9tape du Giro d&rsquo;Italia 2025, a confirm\u00e9 ses qualit\u00e9s de coureur en remportant la deuxi\u00e8me \u00e9tape du Tour de l&rsquo;Ain 2025 et en s&#8217;emparant ainsi &hellip;<\/p>\n","protected":false},"author":20,"featured_media":158028,"comment_status":"open","ping_status":"open","sticky":false,"template":"","format":"standard","meta":{"footnotes":""},"categories":[3],"tags":[],"class_list":["post-158029","post","type-post","status-publish","format-standard","has-post-thumbnail","hentry","category-autre"],"_links":{"self":[{"href":"https:\/\/cyclingpro.net\/velopro\/wp-json\/wp\/v2\/posts\/158029","targetHints":{"allow":["GET"]}}],"collection":[{"href":"https:\/\/cyclingpro.net\/velopro\/wp-json\/wp\/v2\/posts"}],"about":[{"href":"https:\/\/cyclingpro.net\/velopro\/wp-json\/wp\/v2\/types\/post"}],"author":[{"embeddable":true,"href":"https:\/\/cyclingpro.net\/velopro\/wp-json\/wp\/v2\/users\/20"}],"replies":[{"embeddable":true,"href":"https:\/\/cyclingpro.net\/velopro\/wp-json\/wp\/v2\/comments?post=158029"}],"version-history":[{"count":0,"href":"https:\/\/cyclingpro.net\/velopro\/wp-json\/wp\/v2\/posts\/158029\/revisions"}],"wp:featuredmedia":[{"embeddable":true,"href":"https:\/\/cyclingpro.net\/velopro\/wp-json\/wp\/v2\/media\/158028"}],"wp:attachment":[{"href":"https:\/\/cyclingpro.net\/velopro\/wp-json\/wp\/v2\/media?parent=158029"}],"wp:term":[{"taxonomy":"category","embeddable":true,"href":"https:\/\/cyclingpro.net\/velopro\/wp-json\/wp\/v2\/categories?post=158029"},{"taxonomy":"post_tag","embeddable":true,"href":"https:\/\/cyclingpro.net\/velopro\/wp-json\/wp\/v2\/tags?post=158029"}],"curies":[{"name":"wp","href":"https:\/\/api.w.org\/{rel}","templated":true}]}}