{"id":158027,"date":"2025-08-08T08:15:11","date_gmt":"2025-08-08T06:15:11","guid":{"rendered":"https:\/\/cyclingpro.net\/velopro\/uncategorized\/championnats-ditalie-2025-contre-la-montre-par-equipe-reporte-faute-dautorisation-de-la-province\/"},"modified":"2025-08-08T08:15:11","modified_gmt":"2025-08-08T06:15:11","slug":"championnats-ditalie-2025-contre-la-montre-par-equipe-reporte-faute-dautorisation-de-la-province","status":"publish","type":"post","link":"https:\/\/cyclingpro.net\/velopro\/autre\/championnats-ditalie-2025-contre-la-montre-par-equipe-reporte-faute-dautorisation-de-la-province\/","title":{"rendered":"Championnats d&rsquo;Italie 2025, contre-la-montre par \u00e9quipe report\u00e9 faute d&rsquo;autorisation de la province"},"content":{"rendered":"<p>Un bardeau inattendu pour les Championnats d&rsquo;Italie 2025. Le contre-la-montre par \u00e9quipes pour les cat\u00e9gories Juniores Hommes et Femmes, Moins de 23 ans et Open Femmes n&rsquo;aura en effet pas lieu, comme pr\u00e9vu, le 13 ao\u00fbt \u00e0 San Biagio di Callalta, dans la province de Tr\u00e9vise. La soci\u00e9t\u00e9 B&amp;P Cycling, charg\u00e9e de l&rsquo;organisation de l&rsquo;\u00e9v\u00e9nement, a d\u00fb annoncer hier le report des courses en raison de la non-obtention de l&rsquo;autorisation de la province de Tr\u00e9vise, qui est \u00e9videmment indispensable pour que l&rsquo;\u00e9v\u00e9nement puisse avoir lieu. Suite \u00e0 cet \u00e9v\u00e9nement impr\u00e9vu, les organisateurs ont r\u00e9it\u00e9r\u00e9 leur volont\u00e9 d&rsquo;organiser l&rsquo;\u00e9v\u00e9nement d&rsquo;ici la fin de la saison des courses en cours, une fois toutes les autorisations n\u00e9cessaires obtenues, et esp\u00e8rent pouvoir fixer une nouvelle date rapidement, en concertation avec les institutions concern\u00e9es.<\/p>\n","protected":false},"excerpt":{"rendered":"<p>Un bardeau inattendu pour les Championnats d&rsquo;Italie 2025. Le contre-la-montre par \u00e9quipes pour les cat\u00e9gories Juniores Hommes et Femmes, Moins de 23 ans et Open Femmes n&rsquo;aura en effet pas lieu, comme pr\u00e9vu, le 13 ao\u00fbt \u00e0 San Biagio di Callalta, dans la province de Tr\u00e9vise. La soci\u00e9t\u00e9 B&amp;P Cycling, charg\u00e9e de l&rsquo;organisation de l&rsquo;\u00e9v\u00e9nement, &hellip;<\/p>\n","protected":false},"author":20,"featured_media":158026,"comment_status":"open","ping_status":"open","sticky":false,"template":"","format":"standard","meta":{"footnotes":""},"categories":[3],"tags":[],"class_list":["post-158027","post","type-post","status-publish","format-standard","has-post-thumbnail","hentry","category-autre"],"_links":{"self":[{"href":"https:\/\/cyclingpro.net\/velopro\/wp-json\/wp\/v2\/posts\/158027","targetHints":{"allow":["GET"]}}],"collection":[{"href":"https:\/\/cyclingpro.net\/velopro\/wp-json\/wp\/v2\/posts"}],"about":[{"href":"https:\/\/cyclingpro.net\/velopro\/wp-json\/wp\/v2\/types\/post"}],"author":[{"embeddable":true,"href":"https:\/\/cyclingpro.net\/velopro\/wp-json\/wp\/v2\/users\/20"}],"replies":[{"embeddable":true,"href":"https:\/\/cyclingpro.net\/velopro\/wp-json\/wp\/v2\/comments?post=158027"}],"version-history":[{"count":0,"href":"https:\/\/cyclingpro.net\/velopro\/wp-json\/wp\/v2\/posts\/158027\/revisions"}],"wp:featuredmedia":[{"embeddable":true,"href":"https:\/\/cyclingpro.net\/velopro\/wp-json\/wp\/v2\/media\/158026"}],"wp:attachment":[{"href":"https:\/\/cyclingpro.net\/velopro\/wp-json\/wp\/v2\/media?parent=158027"}],"wp:term":[{"taxonomy":"category","embeddable":true,"href":"https:\/\/cyclingpro.net\/velopro\/wp-json\/wp\/v2\/categories?post=158027"},{"taxonomy":"post_tag","embeddable":true,"href":"https:\/\/cyclingpro.net\/velopro\/wp-json\/wp\/v2\/tags?post=158027"}],"curies":[{"name":"wp","href":"https:\/\/api.w.org\/{rel}","templated":true}]}}