{"id":158025,"date":"2025-08-08T08:10:38","date_gmt":"2025-08-08T06:10:38","guid":{"rendered":"https:\/\/cyclingpro.net\/velopro\/uncategorized\/tour-de-pologne-2025-paul-magnier-fier-de-ma-premiere-victoire-en-worldtour-elle-me-donne-beaucoup-de-confiance-pour-les-prochains-objectifs\/"},"modified":"2025-08-08T08:10:38","modified_gmt":"2025-08-08T06:10:38","slug":"tour-de-pologne-2025-paul-magnier-fier-de-ma-premiere-victoire-en-worldtour-elle-me-donne-beaucoup-de-confiance-pour-les-prochains-objectifs","status":"publish","type":"post","link":"https:\/\/cyclingpro.net\/velopro\/autre\/tour-de-pologne-2025-paul-magnier-fier-de-ma-premiere-victoire-en-worldtour-elle-me-donne-beaucoup-de-confiance-pour-les-prochains-objectifs\/","title":{"rendered":"Tour de Pologne 2025, Paul Magnier : \u00ab\u00a0Fier de ma premi\u00e8re victoire en WorldTour, elle me donne beaucoup de confiance pour les prochains objectifs"},"content":{"rendered":"<p><b>Paul Magnier<\/b> a trouv\u00e9 le succ\u00e8s le plus prestigieux de sa fulgurante carri\u00e8re lors du <b>Poland Tour 2025<\/b>. Gr\u00e2ce \u00e0 un sprint fulgurant apr\u00e8s le dernier virage, le coureur transalpin de 21 ans a battu<b>Ben Turner<\/b>(INEOS Grenadiers), vainqueur de l&rsquo;\u00e9tape pr\u00e9c\u00e9dente, pour remporter la premi\u00e8re victoire de sa carri\u00e8re dans le WorldTour, ce qui porte son palmar\u00e8s personnel \u00e0 dix succ\u00e8s professionnels (en deux ans encore). Pour la classe 2004, il s&rsquo;agit donc d&rsquo;un succ\u00e8s tr\u00e8s repr\u00e9sentatif, qui pourrait repr\u00e9senter une nouvelle \u00e9tape dans son parcours tr\u00e8s rapide de croissance et d&rsquo;affirmation dans le peloton.<\/p>\n<p>\u00ab\u00a0Je suis tr\u00e8s heureux, car c&rsquo;est ma premi\u00e8re victoire en WorldTour et je suis fier de l&rsquo;avoir obtenue avec le splendide maillot de T-Rex Quick-Step\u00a0\u00bb, a expliqu\u00e9 le sprinteur fran\u00e7ais apr\u00e8s l&rsquo;arriv\u00e9e. \u00ab\u00a0Mon objectif de la semaine \u00e9tait de gagner une \u00e9tape et je suis heureux d&rsquo;y \u00eatre parvenu aujourd&rsquo;hui, sur cette ligne d&rsquo;arriv\u00e9e qui \u00e9tait parfaite pour moi, o\u00f9 j&rsquo;ai pu montrer mon explosivit\u00e9. Un grand merci \u00e0 mes co\u00e9quipiers pour avoir contr\u00f4l\u00e9 l&rsquo;\u00e9tape, qui n&rsquo;\u00e9tait pas facile avec ces mont\u00e9es dans la partie centrale, et pour m&rsquo;avoir mis dans une position parfaite dans les derniers kilom\u00e8tres\u00a0\u00bb.<\/p>\n<p>Pour le coureur du Soudal Quick-Step<\/b>, de nouvelles opportunit\u00e9s pourraient se pr\u00e9senter dans les prochaines \u00e9tapes, m\u00eame si sa mission en Pologne est accomplie et que c&rsquo;est vers le reste de l&rsquo;ann\u00e9e qu&rsquo;il se tourne avec une ambition renouvel\u00e9e. \u00ab\u00a0C&rsquo;est ma cinqui\u00e8me victoire de la saison et c&rsquo;\u00e9tait fantastique, surtout parce que mes parents \u00e9taient l\u00e0\u00a0\u00bb, a-t-il ajout\u00e9, \u00ab\u00a0en m\u00eame temps, c&rsquo;est un succ\u00e8s qui me donne beaucoup de confiance pour les objectifs de la saison prochaine. Je veux remporter d&rsquo;autres victoires et celle-ci est excellente pour le moral. Nous verrons ce que nous pouvons faire dans les prochaines \u00e9tapes, si je peux obtenir un autre bon r\u00e9sultat, j&rsquo;essaierai certainement ; sinon, je serai heureux d&rsquo;aider mes co\u00e9quipiers\u00a0\u00bb.<\/p>\n","protected":false},"excerpt":{"rendered":"<p>Paul Magnier a trouv\u00e9 le succ\u00e8s le plus prestigieux de sa fulgurante carri\u00e8re lors du Poland Tour 2025. Gr\u00e2ce \u00e0 un sprint fulgurant apr\u00e8s le dernier virage, le coureur transalpin de 21 ans a battuBen Turner(INEOS Grenadiers), vainqueur de l&rsquo;\u00e9tape pr\u00e9c\u00e9dente, pour remporter la premi\u00e8re victoire de sa carri\u00e8re dans le WorldTour, ce qui porte &hellip;<\/p>\n","protected":false},"author":20,"featured_media":158024,"comment_status":"open","ping_status":"open","sticky":false,"template":"","format":"standard","meta":{"footnotes":""},"categories":[3],"tags":[],"class_list":["post-158025","post","type-post","status-publish","format-standard","has-post-thumbnail","hentry","category-autre"],"_links":{"self":[{"href":"https:\/\/cyclingpro.net\/velopro\/wp-json\/wp\/v2\/posts\/158025","targetHints":{"allow":["GET"]}}],"collection":[{"href":"https:\/\/cyclingpro.net\/velopro\/wp-json\/wp\/v2\/posts"}],"about":[{"href":"https:\/\/cyclingpro.net\/velopro\/wp-json\/wp\/v2\/types\/post"}],"author":[{"embeddable":true,"href":"https:\/\/cyclingpro.net\/velopro\/wp-json\/wp\/v2\/users\/20"}],"replies":[{"embeddable":true,"href":"https:\/\/cyclingpro.net\/velopro\/wp-json\/wp\/v2\/comments?post=158025"}],"version-history":[{"count":0,"href":"https:\/\/cyclingpro.net\/velopro\/wp-json\/wp\/v2\/posts\/158025\/revisions"}],"wp:featuredmedia":[{"embeddable":true,"href":"https:\/\/cyclingpro.net\/velopro\/wp-json\/wp\/v2\/media\/158024"}],"wp:attachment":[{"href":"https:\/\/cyclingpro.net\/velopro\/wp-json\/wp\/v2\/media?parent=158025"}],"wp:term":[{"taxonomy":"category","embeddable":true,"href":"https:\/\/cyclingpro.net\/velopro\/wp-json\/wp\/v2\/categories?post=158025"},{"taxonomy":"post_tag","embeddable":true,"href":"https:\/\/cyclingpro.net\/velopro\/wp-json\/wp\/v2\/tags?post=158025"}],"curies":[{"name":"wp","href":"https:\/\/api.w.org\/{rel}","templated":true}]}}