{"id":155223,"date":"2025-06-06T20:00:07","date_gmt":"2025-06-06T18:00:07","guid":{"rendered":"https:\/\/cyclingpro.net\/velopro\/uncategorized\/tour-du-dauphine-2025-analyse-des-favoris-spectacle-avec-vue-sur-le-tour-de-france-avec-evenepoel-pogacar-et-vingegaard-jorgenson-martinez-et-rodriguez-prets-a-sexprimer\/"},"modified":"2025-06-06T20:00:07","modified_gmt":"2025-06-06T18:00:07","slug":"tour-du-dauphine-2025-analyse-des-favoris-spectacle-avec-vue-sur-le-tour-de-france-avec-evenepoel-pogacar-et-vingegaard-jorgenson-martinez-et-rodriguez-prets-a-sexprimer","status":"publish","type":"post","link":"https:\/\/cyclingpro.net\/velopro\/autre\/tour-du-dauphine-2025-analyse-des-favoris-spectacle-avec-vue-sur-le-tour-de-france-avec-evenepoel-pogacar-et-vingegaard-jorgenson-martinez-et-rodriguez-prets-a-sexprimer\/","title":{"rendered":"Tour du Dauphin\u00e9 2025 analyse des favoris : spectacle avec vue sur le Tour de France avec Evenepoel, Poga\u010dar et Vingegaard &#8211; Jorgenson, Martinez et Rodr\u00edguez pr\u00eats \u00e0 s&rsquo;exprimer."},"content":{"rendered":"<p>Le <strong>Tour du Dauphin\u00e9 2025<\/strong> promet une semaine de grand spectacle. Programm\u00e9e <strong>du dimanche 8 au dimanche 15 juin<\/strong>, la course par \u00e9tapes fran\u00e7aise verra s&rsquo;affronter plusieurs coureurs de classe mondiale, qui en profiteront \u00e0 la fois pour peaufiner leur condition avant le Tour de France et pour tenter de faire bouger les compteurs de la victoire. Il y aura 22 formations en lice, avec les 18 \u00e9quipes WorldTour et quatre \u00e9quipes professionnelles : le plateau de partants ainsi r\u00e9uni est d&rsquo;un niveau \u00e9norme, compte tenu de la pr\u00e9sence de certains des champions qui marquent cette \u00e8re du cyclisme.<\/p>\n<ul>.<\/p>\n<li><a href=\"https:\/\/cyclingpro.net\/spaziociclismo\/presentazione-corse\/analisi-percorso-giro-del-delfinato-2025-due-arrivi-in-salita-e-il-moncenisio-come-giudice-finale-per-8-tappe-con-pochissimi-momenti-di-respiro\/\"><strong>Cliquez ici pour l&rsquo;analyse du parcours du Tour du Dauphin\u00e9 2025<\/strong><\/a><\/li>\n<p>.\n<\/ul>\n<h2>Tableau d&rsquo;honneur du Giro del Delfinato<\/h2>\n<p><a href=\"https:\/\/cyclingpro.net\/spaziociclismo\/sintesi-gare\/giro-del-delfinato-2024-carlos-rodriguez-conquista-lultima-davanti-a-matteo-jorgenson-primoz-roglic-soffre-ma-vince-la-corsa-per-soli-8-sullo-statunitense\/\" target=\"_blank\" rel=\"noopener\">2024 ROGLI\u010c Primo\u017e<\/a><br \/>\n<a href=\"https:\/\/cyclingpro.net\/spaziociclismo\/topflop\/pagelle-giro-del-delfinato-2023-vingegaard-e-inarrivabile-yates-e-oconnor-i-migliori-degli-umani-gran-finale-di-ciccone-deludono-gaudu-e-mas\/\">2023 VINGEGAARD Jonas<\/a><br \/>\n<a href=\"https:\/\/cyclingpro.net\/spaziociclismo\/sintesi-gare\/giro-del-delfinato-2022-dominio-jumbo-visma-arrivo-in-parata-per-vingegaard-e-roglic\/\" target=\"_blank\" rel=\"noopener\">2022 ROGLI\u010c Primo\u017e<\/a><br \/>\n<a href=\"https:\/\/cyclingpro.net\/spaziociclismo\/sintesi-gare\/giro-del-delfinato-2021-bis-di-mark-padun-richie-porte-controlla-e-conquista-la-corsa\/\">2021 PORTE Richie<\/a><br \/>\n<a href=\"https:\/\/cyclingpro.net\/spaziociclismo\/sintesi-gare\/giro-del-delfinato-2020-lultimo-show-e-di-sepp-kuss-daniel-martinez-conquista-la-corsa\/\">2020 MARTINEZ Daniel<\/a><br \/>\n<a href=\"https:\/\/cyclingpro.net\/spaziociclismo\/sintesi-gare\/giro-del-delfinato-2019-ancora-ineos-van-baarle-chiude-la-corsa-a-braccia-alzate\/\">2019 FUGLSANG Jakob<\/a><br \/>\n<a href=\"https:\/\/cyclingpro.net\/spaziociclismo\/sintesi-gare\/giro-del-delfinato-2018-adam-yates-fa-sua-lultima-tappa-thomas-tiene-duro-e-vince-la-corsa\/\">2018 THOMAS Geraint<\/a><br \/>\n<a href=\"https:\/\/cyclingpro.net\/spaziociclismo\/sintesi-gare\/giro-del-delfinato-2017-impresa-fuglsang-stacca-tutti-si-prende-la-corsa\/\">2017 FUGLSANG Jakob<\/a><br \/>\n2016 FROOME Chris<br \/>\n2015 FROOME Chris<\/p>\n<h2>Favoris Tour du Dauphin\u00e9 2025<\/h2>\n<p><a href=\"https:\/\/cyclingpro.net\/spaziociclismo\/startlist\/giro-del-delfinato-2025-la-startlist\/\">Cliquez ici pour la liste de d\u00e9part<\/a><\/p>\n<p>Il y a trois grands favoris pour remporter le Tour du Dauphin\u00e9 2025. Pr\u00e8s d&rsquo;un an apr\u00e8s les batailles sur les routes du Tour, les podiums de la Grande Boucle de l&rsquo;an dernier seront au d\u00e9part de la m\u00eame course pour la premi\u00e8re fois, et aucun des trois ne partira avec l&rsquo;objectif de la deuxi\u00e8me place. Apr\u00e8s une ann\u00e9e 2024 quasiment parfaite et un d\u00e9but d&rsquo;ann\u00e9e 2025 qui l&rsquo;a vu conqu\u00e9rir deux Monuments en plus d&rsquo;une foule d&rsquo;autres excellents r\u00e9sultats, le principal favori ne peut \u00eatre que <strong>Tadej Poga\u010dar<\/strong> (UAE Team Emirates XRG). Absent depuis plus d&rsquo;un mois apr\u00e8s un printemps sensationnel, le Slov\u00e8ne revient dans le peloton pour reprendre l\u00e0 o\u00f9 il s&rsquo;est arr\u00eat\u00e9 \u00e0 l&rsquo;issue de Li\u00e8ge-Bastogne-Li\u00e8ge, \u00e0 savoir la victoire. Le parcours est parfait pour ses caract\u00e9ristiques et les interrogations autour de ses adversaires semblent le pousser encore plus vers la victoire.<\/p>\n<p>Cependant, il ne voudra pas laisser la vie facile \u00e0 son grand adversaire Jonas Vingegaard<\/strong> (Visma | Lease a Bike). Apr\u00e8s avoir \u00e9t\u00e9 absent de cette course l&rsquo;ann\u00e9e derni\u00e8re en raison d&rsquo;une grave blessure au Tour du Pays Basque, le Danois se pr\u00e9sente \u00e0 cette \u00e9dition apr\u00e8s un autre long arr\u00eat qui l&rsquo;a tenu \u00e0 l&rsquo;\u00e9cart depuis la mi-mars, lorsqu&rsquo;il a subi une commotion c\u00e9r\u00e9brale \u00e0 Paris-Nice. Avec une condition qui ne sera certainement pas encore \u00e0 100 %, il est difficile de l&rsquo;imaginer battre le champion du monde, mais cette semaine fran\u00e7aise sera certainement une excellente occasion de se tester face aux meilleurs adversaires du monde et de peaufiner les d\u00e9tails avant le Grand D\u00e9part de Lille.<\/p>\n<p>Remco Evenepoel<\/strong> (Soudal Quick-Step) revient \u00e9galement d&rsquo;une longue blessure. Apr\u00e8s avoir \u00e9t\u00e9 impliqu\u00e9 dans une mauvaise chute \u00e0 l&rsquo;entra\u00eenement en d\u00e9cembre dernier, le Belge a pass\u00e9 une grande partie des premiers mois de la saison \u00e0 se concentrer uniquement sur son r\u00e9tablissement, revenant \u00e0 la course lors de la Fl\u00e8che du Brabant en avril dernier et obtenant imm\u00e9diatement son premier succ\u00e8s de la saison. Mais alors que tout semblait rentr\u00e9 dans l&rsquo;ordre, l&rsquo;absence de jours de course a commenc\u00e9 \u00e0 se faire sentir dans les jambes du Belge, qui a notamment \u00e9prouv\u00e9 des difficult\u00e9s sur la longue distance de Li\u00e8ge, une course qu&rsquo;il avait remport\u00e9e \u00e0 deux reprises les ann\u00e9es pr\u00e9c\u00e9dentes. Ce dernier mois lui aura certainement permis d&rsquo;am\u00e9liorer sa forme, mais il faudra voir dans quelle mesure son physique sera capable de supporter huit jours de course cons\u00e9cutifs et surtout s&rsquo;il aura l&rsquo;explosivit\u00e9 n\u00e9cessaire pour suivre ses deux grands rivaux.<\/p>\n<p>Sans Rogli\u010d et Gee, revenu du Giro d&rsquo;Italia, seul <strong>Matteo Jorgenson<\/strong> (Visma | Lease a Bike) sera au d\u00e9part du podium de l&rsquo;an dernier. Si l&rsquo;an dernier, en concurrence avec Vingegaard, l&rsquo;Am\u00e9ricain avait \u00e9t\u00e9 le seul capitaine de l&rsquo;\u00e9quipe jaune et blanche, cette saison son r\u00f4le sera certainement r\u00e9duit, m\u00eame si la classe 1999 a d\u00e9j\u00e0 montr\u00e9 qu&rsquo;elle savait bien profiter des opportunit\u00e9s, comme ce fut le cas avec sa victoire \u00e0 Paris-Nice en mars dernier. Apr\u00e8s un printemps peut-\u00eatre un peu en de\u00e7\u00e0 des attentes, ce sera l&rsquo;occasion pour le coureur de 25 ans de se rattraper et peut-\u00eatre aussi de montrer \u00e0 l&rsquo;encadrement n\u00e9erlandais qu&rsquo;il peut \u00eatre l\u00e0 pour le classement du Tour si besoin est. Reste \u00e0 savoir si <strong>Sepp Kuss<\/strong> aura retrouv\u00e9 les jambes de ses meilleurs jours et si c&rsquo;est le cas, s&rsquo;il essaiera \u00e9galement de garder un \u0153il sur le classement, bien qu&rsquo;il soit beaucoup plus probable que l&rsquo;Am\u00e9ricain se voit confier de pures t\u00e2ches de domestique.<\/p>\n<p>Il voudra \u00e9galement confirmer les bonnes choses qu&rsquo;il a vues cette saison chez <strong>Lenny Martinez<\/strong> (Bahrain Victorious), qui a d\u00e9j\u00e0 gagn\u00e9 \u00e0 Paris-Nice et au Tour de Romandie, sa deuxi\u00e8me place dans la courte course suisse d\u00e9montrant \u00e9galement sa capacit\u00e9 \u00e0 tenir son rang dans une course par \u00e9tapes pas si longue que cela. Le co\u00e9quipier du Fran\u00e7ais est <strong>Santiago Buitrago<\/strong>, qui pourrait exploiter \u00e0 sa fa\u00e7on les nombreuses ascensions de la derni\u00e8re partie de la semaine, m\u00eame si le contre-la-montre qui a lieu plus t\u00f4t devrait le d\u00e9savantager par rapport aux autres hommes de t\u00eate. Ensuite, il y a <strong>Enric Mas<\/strong> (Movistar), qui a eu un d\u00e9but de saison d\u00e9cent mais qui manque encore de succ\u00e8s. Son manque d&rsquo;affinit\u00e9 pour les sprints serr\u00e9s l&rsquo;a souvent contraint \u00e0 se contenter de places d&rsquo;honneur. Serait-ce l&rsquo;occasion de le voir tenter quelque chose de diff\u00e9rent, \u00e0 la recherche d&rsquo;un r\u00e9sultat diff\u00e9rent et, surtout, plus important ?<\/p>\n<p>Reste \u00e0 savoir dans quel \u00e9tat se trouve <strong>Carlos Rodr\u00edguez<\/strong> (Ineos Grenadiers), sixi\u00e8me du dernier Tour de Romandie, mais qui a rarement \u00e9t\u00e9 protagoniste dans les quelques courses auxquelles il a particip\u00e9 cette ann\u00e9e, en partie \u00e0 cause d&rsquo;une blessure qui l&rsquo;a tenu \u00e9loign\u00e9 des courses pendant deux mois. S&rsquo;il se porte tr\u00e8s bien, l&rsquo;Espagnol pourrait \u00e9galement pr\u00e9tendre au podium, en fonction de l&rsquo;\u00e9volution de la lutte entre les \u00ab\u00a0poids lourds\u00a0\u00bb. Il sera \u00e9galement tr\u00e8s int\u00e9ressant de suivre <strong>Florian Lipowitz<\/strong> (Red Bull-Bora-hansgrohe), qui repr\u00e9sentera le grand espoir de l&rsquo;\u00e9quipe allemande apr\u00e8s les d\u00e9ceptions du Giro d&rsquo;Italia. Le coureur de 2000 ans a d\u00e9j\u00e0 montr\u00e9, avec sa deuxi\u00e8me place \u00e0 Paris-Nice et sa quatri\u00e8me place au Tour du Pays basque, qu&rsquo;il peut rivaliser au plus haut niveau malgr\u00e9 son jeune \u00e2ge. Ici, au Dauphin\u00e9, le niveau de comp\u00e9tition sera encore plus \u00e9lev\u00e9 et il devra \u00eatre bon pour se confirmer dans les positions qui comptent, ainsi que pour poursuivre la parabole ascendante qui a caract\u00e9ris\u00e9 sa r\u00e9cente carri\u00e8re.<\/p>\n<p>On peut s&rsquo;attendre \u00e0 quelque chose de diff\u00e9rent de ce que <strong>Eddie Dunbar<\/strong> (Team Jayco AlUla), qui a \u00e9t\u00e9 terne jusqu&rsquo;\u00e0 pr\u00e9sent cette saison, peut \u00eatre attendu dans les premiers mois de 2025, tandis que <strong>Valentin Paret-Peintre<\/strong> (Soudal Quick-Step), un grimpeur capable d&rsquo;actions lointaines, pourrait profiter de tout jeu tactique \u00e0 d\u00e9velopper avec l&rsquo;\u00e9quipe et le capitaine Evenepoel pour se tailler une place prestigieuse dans le GC. <Max Poole<\/strong> (Team Picnic PostNL) tentera de soigner le classement final, peut-\u00eatre en grappillant des points importants pour son \u00e9quipe, tandis que ce sera <strong>Tobias Halland Johannessen<\/strong> l&rsquo;arme de classement d&rsquo;Uno-X Mobility, face aux ambitions grandissantes de l&rsquo;\u00e9quipe norv\u00e9gienne.<\/p>\n<p>Guillaume Martin<\/strong> (Groupama-FDJ), qui a fr\u00f4l\u00e9 le top 10 \u00e0 Paris-Nice et au Tour du Pays Basque cette ann\u00e9e, ainsi que son compatriote <strong>Aur\u00e9lien Paret-Peintre<\/strong> (Decathlon AG2R La Mondiale), viseront \u00e9galement une bonne place au classement g\u00e9n\u00e9ral, <Jordan Jegat<\/strong> (TotalEnergies), <strong>Alex Baudin<\/strong> (EF Education-EasyPost) et <strong>Mathys Rondel<\/strong> (Tudor Pro Cycling Team), ces deux derniers ayant particip\u00e9 au Tour de Romandie l&rsquo;ann\u00e9e derni\u00e8re, le premier portant le maillot de leader pendant deux jours, le second terminant neuvi\u00e8me au classement g\u00e9n\u00e9ral.<\/p>\n<p>Il faut \u00e9galement pr\u00eater attention \u00e0 <strong>Harold Tejada<\/strong> et <strong>Sergio Higuita<\/strong>, leaders d&rsquo;une Astana XDS en pleine forme depuis le d\u00e9but de la saison, et \u00e0 des coureurs exp\u00e9riment\u00e9s comme <strong>Alexey Lutsenko<\/strong> (Israel-Premier Tech), <strong>Emanuel Buchmann<\/strong> et <strong>Dylan Teuns<\/strong> (Cofidis), ainsi qu&rsquo;\u00e0 des seconds couteaux comme <strong>Ivan Romeo<\/strong> (Movistar), <strong>Maximilian Schachmann<\/strong> (Soudal Quick-Step), <strong>Jack Haig<\/strong> (Bahrain Victorious), <strong>Tobias Foss<\/strong> et <strong>Magnus Sheffield<\/strong> (Ineos Grenadiers), sans oublier le jeune talent <strong>Paul Seixas<\/strong> (Decathlon AG2R La Mondiale), qui s&rsquo;est illustr\u00e9 au Tour des Alpes.<\/p>\n<h3><span style=\"font-size : 24px ;\">Favoris Tour du Dauphin\u00e9 2025<\/span><\/h3>\n<p>.<br \/>\n***** Tadej Poga\u010dar<br \/>\n**** Remco Evenepoel, Jonas Vingegaard<br \/>\n*** Matteo Jorgenson, Lenny Martinez, Carlos Rodr\u00edguez<br \/>\n** Santiago Buitrago, Florian Lipowitz, Guillaume Martin, Enric Mas<br \/>\n* Emanuel Buchmann, Eddie Dunbar, Tobias Halland Johannessen, Max Poole, Harold Tejada<\/p>\n<h3><span style=\"font-size : 24px ;\">Tour du Dauphin\u00e9 2025<\/span><\/h3>\n<p>Dans l&rsquo;ensemble, le parcours est con\u00e7u pour mettre en app\u00e9tit diff\u00e9rents types de coureurs. Un nom surtout, celui de <strong>Mathieu Van Der Poel<\/strong> (Alpecin-Deceuninck) : l&rsquo;\u00e9tat de sant\u00e9 du N\u00e9erlandais est une inconnue, mais ses caract\u00e9ristiques lui permettent de s&rsquo;illustrer dans au moins trois des huit \u00e9tapes au programme. Outre le trentenaire, plusieurs classiques trouveront un terrain adapt\u00e9 \u00e0 leurs caract\u00e9ristiques : <strong>Maxim Van Gils<\/strong> (Red Bull-Bora-hansgrohe), <strong>Magnus Cort<\/strong> et <strong>Andreas Kron<\/strong> (Uno-X Mobility), <strong>Matteo Trentin<\/strong> (Tudor Pro Cycling Team), <strong>Fred Wright<\/strong> (Bahrain Victorious) en t\u00eate, <strong>Toms Skujins<\/strong> (Lidl-Trek), <strong>Hugo Page<\/strong> (Intermarch\u00e9-Wanty), <strong>Simone Velasco<\/strong> et <strong>Henok Mulubrhan<\/strong> (XDS Astana), <strong>Mathieu Burgaudeau<\/strong> et <strong>Anthony Turgis<\/strong> (TotalEnergies).<\/p>\n<p>Les sprints seront certainement le terrain de chasse de <strong>Jonathan Milan<\/strong> (Lidl-Trek), qui se chauffera les jambes pour le Tour de France et qui ne sera oppos\u00e9 qu&rsquo;\u00e0 <strong>Pascal Ackermann<\/strong> (Israel-Premier Tech) parmi les sprinters les plus purs, qui ont pour la plupart d\u00e9sert\u00e9 la course compte tenu du parcours tr\u00e8s mouvement\u00e9 sur toutes les \u00e9tapes. Il ne manquera cependant pas de sprinters endurants qui auront leur mot \u00e0 dire, comme <strong>S\u00f8ren W\u00e6renskjold<\/strong> (Uno-X Mobility), <strong>Laurence Pithie<\/strong> (Red Bull-Bora-hansgrohe), <strong>Ivan Garcia Cortina<\/strong> (Movistar), <(TotalEnergies), <strong>Samuel Watson<\/strong> et <strong>Axel Laurance<\/strong> (Ineos Grenadiers), <strong>Paul Penho\u00ebt<\/strong> (Groupama-FDJ), <strong>Jake Stewart<\/strong> (Israel-Premier Tech) et <strong>Cl\u00e9ment Venturini<\/strong> (Ark\u00e9a-B&#038;amp ;B Hotels).<\/p>\n<p>Le contre-la-montre ne devrait donc pas \u00e9chapper aux grands noms qui visent le succ\u00e8s au classement g\u00e9n\u00e9ral, mais \u00e0 des coureurs comme <strong>Victor Campenaerts<\/strong> (Visma | Lease a Bike), <strong>Bruno Armirail<\/strong> (Decathlon AG2R La Mondiale), <R\u00e9mi Cavagna<\/strong> (Groupama-FDJ) et <strong>Johan Price-Pejtersen<\/strong> (Alpecin-Deceuninck) tenteront de tirer le meilleur parti de l&rsquo;occasion, en comptant peut-\u00eatre sur des conditions m\u00e9t\u00e9orologiques changeantes pour faire basculer la situation en leur faveur. Des coureurs comme <strong>Alessandro De Marchi<\/strong> (Team Jayco AlUla) et <strong>Benjamin Thomas<\/strong> (Cofidis) pourraient \u00e9galement \u00eatre vus en train d&rsquo;attaquer de loin les autres jours, tandis que dans les journ\u00e9es plus difficiles <strong>Finn Fisher-Black<\/strong> (Red Bull-Bora-hansgrohe) pourrait essayer de prendre de l&rsquo;avance, <strong>Louis Meintjes<\/strong> et <strong>Louis Barr\u00e9<\/strong> (Intermarch\u00e9-Wanty), <strong>Pierre Latour<\/strong> (TotalEnergies) et <strong>Romain Bardet<\/strong> (Team Picnic PostNL), qui tentera de marquer les esprits sur les routes nationales pour ce qui est la derni\u00e8re course de sa carri\u00e8re.<\/p>\n<h2>Les points du Tour du Dauphin\u00e9 2025<\/h2>\n<p>.<\/p>\n<table style=\"width : 100% ;\" border=\"0\" frame=\"VOID\" rules=\"NONE\" cellspacing=\"0\">\n<tbody>\n<tr>\n<td style=\"width : 29.171% ;\"><strong>FINAL STANDING POSITION<\/strong><\/td>\n<td style=\"width : 21.4431% ;\"><strong>UCI POINTS<\/strong><\/td>\n<td style=\"width : 26.7144% ;\"><strong>POINTS DE ROUTE SINGLE<\/strong><\/td>\n<td style=\"width : 22.5179% ;\"><strong>UCI POINTS<\/strong><\/td>\n<\/tr>\n<tr>\n<td style=\"width : 29.171% ;\" align=\"RIGHT\" height=\"17\">1<\/td>\n<td style=\"width : 21.4431% ;\" align=\"RIGHT\">500<\/td>\n<td style=\"width : 26.7144% ;\">1<\/td>\n<td style=\"width : 22.5179% ;\">60<\/td>\n<\/tr>\n<tr>\n<td style=\"width : 29.171% ;\" align=\"RIGHT\" height=\"17\">2<\/td>\n<td style=\"width : 21.4431% ;\" align=\"RIGHT\">400<\/td>\n<td style=\"width : 26.7144% ;\">2<\/td>\n<td style=\"width : 22.5179% ;\">40<\/td>\n<\/tr>\n<tr>\n<td style=\"width : 29.171% ;\" align=\"RIGHT\" height=\"17\">3<\/td>\n<td style=\"width : 21.4431% ;\" align=\"RIGHT\">325<\/td>\n<td style=\"width : 26.7144% ;\">3<\/td>\n<td style=\"width : 22.5179% ;\">30<\/td>\n<\/tr>\n<tr>\n<td style=\"width : 29.171% ;\" align=\"RIGHT\" height=\"17\">4<\/td>\n<td style=\"width : 21.4431% ;\" align=\"RIGHT\">275<\/td>\n<td style=\"width : 26.7144% ;\">4<\/td>\n<td style=\"width : 22.5179% ;\">25<\/td>\n<\/tr>\n<tr>\n<td style=\"width : 29.171% ;\" align=\"RIGHT\" height=\"17\">5<\/td>\n<td style=\"width : 21.4431% ;\" align=\"RIGHT\">225<\/td>\n<td style=\"width : 26.7144% ;\">5<\/td>\n<td style=\"width : 22.5179% ;\">20<\/td>\n<\/tr>\n<tr>\n<td style=\"width : 29.171% ;\" align=\"RIGHT\" height=\"17\">6<\/td>\n<td style=\"width : 21.4431% ;\" align=\"RIGHT\">175<\/td>\n<td style=\"width : 26.7144% ;\">6<\/td>\n<td style=\"width : 22.5179% ;\">15<\/td>\n<\/tr>\n<tr>\n<td style=\"width : 29.171% ;\" align=\"RIGHT\" height=\"17\">7<\/td>\n<td style=\"width : 21.4431% ;\" align=\"RIGHT\">150<\/td>\n<td style=\"width : 26.7144% ;\">7<\/td>\n<td style=\"width : 22.5179% ;\">10<\/td>\n<\/tr>\n<tr>\n<td style=\"width : 29.171% ;\" align=\"RIGHT\" height=\"17\">8<\/td>\n<td style=\"width : 21.4431% ;\" align=\"RIGHT\">125<\/td>\n<td style=\"width : 26.7144% ;\">8<\/td>\n<td style=\"width : 22.5179% ;\">8<\/td>\n<\/tr>\n<tr>\n<td style=\"width : 29.171% ;\" align=\"RIGHT\" height=\"17\">9<\/td>\n<td style=\"width : 21.4431% ;\" align=\"RIGHT\">100<\/td>\n<td style=\"width : 26.7144% ;\">9<\/td>\n<td style=\"width : 22.5179% ;\">5<\/td>\n<\/tr>\n<tr>\n<td style=\"width : 29.171% ;\" align=\"RIGHT\" height=\"17\">10<\/td>\n<td style=\"width : 21.4431% ;\" align=\"RIGHT\">85<\/td>\n<td style=\"width : 26.7144% ;\">10<\/td>\n<td style=\"width : 22.5179% ;\">2<\/td>\n<\/tr>\n<tr>\n<td style=\"width : 29.171% ;\" align=\"RIGHT\" height=\"17\">11<\/td>\n<td style=\"width : 21.4431% ;\" align=\"RIGHT\">70<\/td>\n<td style=\"width : 26.7144% ;\"><\/td>\n<td style=\"width : 22.5179% ;\"><\/td>\n<\/tr>\n<tr>\n<td style=\"width : 29.171% ;\" align=\"RIGHT\" height=\"17\">12<\/td>\n<td style=\"width : 21.4431% ;\" align=\"RIGHT\">60<\/td>\n<td style=\"width : 26.7144% ;\"><\/td>\n<td style=\"width : 22.5179% ;\"><\/td>\n<\/tr>\n<tr>\n<td style=\"width : 29.171% ;\" align=\"RIGHT\" height=\"17\">13<\/td>\n<td style=\"width : 21.4431% ;\" align=\"RIGHT\">50<\/td>\n<td style=\"width : 26.7144% ;\"><\/td>\n<td style=\"width : 22.5179% ;\"><\/td>\n<\/tr>\n<tr>\n<td style=\"width : 29.171% ;\" align=\"RIGHT\" height=\"17\">14<\/td>\n<td style=\"width : 21.4431% ;\" align=\"RIGHT\">40<\/td>\n<td style=\"width : 26.7144% ;\"><\/td>\n<td style=\"width : 22.5179% ;\"><\/td>\n<\/tr>\n<tr>\n<td style=\"width : 29.171% ;\" align=\"RIGHT\" height=\"17\">15<\/td>\n<td style=\"width : 21.4431% ;\" align=\"RIGHT\">35<\/td>\n<td style=\"width : 26.7144% ;\"><\/td>\n<td style=\"width : 22.5179% ;\"><\/td>\n<\/tr>\n<tr>\n<td style=\"width : 29.171% ;\" align=\"RIGHT\" height=\"17\">16-20<\/td>\n<td style=\"width : 21.4431% ;\" align=\"RIGHT\">30<\/td>\n<td style=\"width : 26.7144% ;\"><\/td>\n<td style=\"width : 22.5179% ;\"><\/td>\n<\/tr>\n<tr>\n<td style=\"width : 29.171% ;\" align=\"RIGHT\" height=\"17\">21-30<\/td>\n<td style=\"width : 21.4431% ;\" align=\"RIGHT\">20<\/td>\n<td style=\"width : 26.7144% ;\"><\/td>\n<td style=\"width : 22.5179% ;\"><\/td>\n<\/tr>\n<tr>\n<td style=\"width : 29.171% ;\" align=\"RIGHT\" height=\"17\">31-50<\/td>\n<td style=\"width : 21.4431% ;\" align=\"RIGHT\">10<\/td>\n<td style=\"width : 26.7144% ;\"><\/td>\n<td style=\"width : 22.5179% ;\"><\/td>\n<\/tr>\n<tr>\n<td style=\"width : 29.171% ;\" align=\"RIGHT\" height=\"17\">51-55<\/td>\n<td style=\"width : 21.4431% ;\" align=\"RIGHT\">5<\/td>\n<td style=\"width : 26.7144% ;\"><\/td>\n<td style=\"width : 22.5179% ;\"><\/td>\n<\/tr>\n<tr>\n<td style=\"width : 29.171% ;\" align=\"RIGHT\" height=\"17\">56-60<\/td>\n<td style=\"width : 21.4431% ;\" align=\"RIGHT\">3<\/td>\n<td style=\"width : 26.7144% ;\"><\/td>\n<td style=\"width : 22.5179% ;\"><\/td>\n<\/tr>\n<\/tbody>\n<\/table>\n","protected":false},"excerpt":{"rendered":"<p>Le Tour du Dauphin\u00e9 2025 promet une semaine de grand spectacle. Programm\u00e9e du dimanche 8 au dimanche 15 juin, la course par \u00e9tapes fran\u00e7aise verra s&rsquo;affronter plusieurs coureurs de classe mondiale, qui en profiteront \u00e0 la fois pour peaufiner leur condition avant le Tour de France et pour tenter de faire bouger les compteurs de &hellip;<\/p>\n","protected":false},"author":20,"featured_media":155222,"comment_status":"open","ping_status":"open","sticky":false,"template":"","format":"standard","meta":{"footnotes":""},"categories":[3],"tags":[],"class_list":["post-155223","post","type-post","status-publish","format-standard","has-post-thumbnail","hentry","category-autre"],"_links":{"self":[{"href":"https:\/\/cyclingpro.net\/velopro\/wp-json\/wp\/v2\/posts\/155223","targetHints":{"allow":["GET"]}}],"collection":[{"href":"https:\/\/cyclingpro.net\/velopro\/wp-json\/wp\/v2\/posts"}],"about":[{"href":"https:\/\/cyclingpro.net\/velopro\/wp-json\/wp\/v2\/types\/post"}],"author":[{"embeddable":true,"href":"https:\/\/cyclingpro.net\/velopro\/wp-json\/wp\/v2\/users\/20"}],"replies":[{"embeddable":true,"href":"https:\/\/cyclingpro.net\/velopro\/wp-json\/wp\/v2\/comments?post=155223"}],"version-history":[{"count":0,"href":"https:\/\/cyclingpro.net\/velopro\/wp-json\/wp\/v2\/posts\/155223\/revisions"}],"wp:featuredmedia":[{"embeddable":true,"href":"https:\/\/cyclingpro.net\/velopro\/wp-json\/wp\/v2\/media\/155222"}],"wp:attachment":[{"href":"https:\/\/cyclingpro.net\/velopro\/wp-json\/wp\/v2\/media?parent=155223"}],"wp:term":[{"taxonomy":"category","embeddable":true,"href":"https:\/\/cyclingpro.net\/velopro\/wp-json\/wp\/v2\/categories?post=155223"},{"taxonomy":"post_tag","embeddable":true,"href":"https:\/\/cyclingpro.net\/velopro\/wp-json\/wp\/v2\/tags?post=155223"}],"curies":[{"name":"wp","href":"https:\/\/api.w.org\/{rel}","templated":true}]}}