{"id":155208,"date":"2025-06-06T17:40:16","date_gmt":"2025-06-06T15:40:16","guid":{"rendered":"https:\/\/cyclingpro.net\/velopro\/uncategorized\/picnic-postnl-fabio-jakobsen-exclut-egalement-toute-participation-a-la-vuelta-on-me-la-deconseille-jespere-revenir-a-la-course-en-aout-et-me-battre-pour-la-victoire-en-septembre-ou-octobre\/"},"modified":"2025-06-06T17:40:16","modified_gmt":"2025-06-06T15:40:16","slug":"picnic-postnl-fabio-jakobsen-exclut-egalement-toute-participation-a-la-vuelta-on-me-la-deconseille-jespere-revenir-a-la-course-en-aout-et-me-battre-pour-la-victoire-en-septembre-ou-octobre","status":"publish","type":"post","link":"https:\/\/cyclingpro.net\/velopro\/autre\/picnic-postnl-fabio-jakobsen-exclut-egalement-toute-participation-a-la-vuelta-on-me-la-deconseille-jespere-revenir-a-la-course-en-aout-et-me-battre-pour-la-victoire-en-septembre-ou-octobre\/","title":{"rendered":"Picnic PostNL, Fabio Jakobsen exclut \u00e9galement toute participation \u00e0 la Vuelta : \u00ab\u00a0On me l&rsquo;a d\u00e9conseill\u00e9. J&rsquo;esp\u00e8re revenir \u00e0 la course en ao\u00fbt et me battre pour la victoire en septembre ou octobre\u00a0\u00bb."},"content":{"rendered":"<p><Fabio Jakobsen<\/strong> ne participera \u00e0 aucun Grand Tour en 2025. Aux stands depuis d\u00e9but avril apr\u00e8s avoir subi une <a href=\"https:\/\/cyclingpro.net\/spaziociclismo\/worldtour\/team-picnic-postnl-fabio-jakobsen-dovra-subire-una-doppia-operazione-allarteria-iliaca\/\">op\u00e9ration des art\u00e8res iliaques des deux jambes<\/a>, le sprinter de l&rsquo;<strong>Team Picnic PostNL<\/strong> avait ces derniers jours <a href=\"https:\/\/cyclingpro.net\/spaziociclismo\/worldtour\/picnic-postnl-fabio-jakobsen-non-esclude-la-partecipazione-al-tour-de-france-sara-dura-ma-ci-provero-fino-alla-fine\/\">esp\u00e9r\u00e9 pouvoir participer au <strong>Tour de France<\/strong><\/a>, mais aujourd&rsquo;hui, c&rsquo;est la douche froide pour lui et son co\u00e9quipier (\u00e9galement bless\u00e9) John Degenkolb, <a href=\"https:\/\/cyclingpro.net\/spaziociclismo\/worldtour\/team-picnic-postnl-john-degenkolb-e-fabio-jakobsen-dovranno-saltare-il-tour-de-france\/\">tous deux contraints de faire l&rsquo;impasse sur la Grande Boucle<\/a>. Mais \u00e0 cette d\u00e9ception s&rsquo;en ajoute une autre pour le N\u00e9erlandais de 28 ans, qui ne pourra pas non plus participer \u00e0 la <strong>Vuelta a Espa\u00f1a<\/strong>, o\u00f9 il avait remport\u00e9 cinq victoires d&rsquo;\u00e9tape entre 2019 et 2021.<\/p>\n<p>\u00ab\u00a0C&rsquo;est dommage, car j&rsquo;esp\u00e9rais le Tour\u00a0\u00bb, a d\u00e9clar\u00e9 Jakobsen \u00e0 <em>NOS<\/em> &#8211; <strong>En partie, je m&rsquo;y attendais, mais celui d&rsquo;aujourd&rsquo;hui a \u00e9t\u00e9 un gros coup<\/strong>. Je pense que c&rsquo;est la meilleure solution pour l&rsquo;avenir, mais cela fait un peu mal. Apr\u00e8s l&rsquo;op\u00e9ration, j&rsquo;ai perdu huit semaines de forme. Il faut la reconstruire. La conclusion est donc que <strong>le Tour arrive trop t\u00f4t<\/strong>\u00ab\u00a0.<\/p>\n<p>L&rsquo;\u00e9quipe a donc d\u00e9cid\u00e9 de ne pas participer au GT espagnol, qui partira d&rsquo;Italie le 23 ao\u00fbt : \u00ab\u00a0Je r\u00eavais de la Vuelta, mais on me l&rsquo;a d\u00e9conseill\u00e9e. Il reste le Tour de Hollande et le Tour de Guangxi en Chine. <Je veux revenir pour disputer la victoire en septembre ou octobre<\/strong>, et en ao\u00fbt, j&rsquo;esp\u00e8re parcourir quelques kilom\u00e8tres en course.\u00a0\u00bb<\/p>\n","protected":false},"excerpt":{"rendered":"","protected":false},"author":20,"featured_media":155207,"comment_status":"open","ping_status":"open","sticky":false,"template":"","format":"standard","meta":{"footnotes":""},"categories":[3],"tags":[],"class_list":["post-155208","post","type-post","status-publish","format-standard","has-post-thumbnail","hentry","category-autre"],"_links":{"self":[{"href":"https:\/\/cyclingpro.net\/velopro\/wp-json\/wp\/v2\/posts\/155208","targetHints":{"allow":["GET"]}}],"collection":[{"href":"https:\/\/cyclingpro.net\/velopro\/wp-json\/wp\/v2\/posts"}],"about":[{"href":"https:\/\/cyclingpro.net\/velopro\/wp-json\/wp\/v2\/types\/post"}],"author":[{"embeddable":true,"href":"https:\/\/cyclingpro.net\/velopro\/wp-json\/wp\/v2\/users\/20"}],"replies":[{"embeddable":true,"href":"https:\/\/cyclingpro.net\/velopro\/wp-json\/wp\/v2\/comments?post=155208"}],"version-history":[{"count":0,"href":"https:\/\/cyclingpro.net\/velopro\/wp-json\/wp\/v2\/posts\/155208\/revisions"}],"wp:featuredmedia":[{"embeddable":true,"href":"https:\/\/cyclingpro.net\/velopro\/wp-json\/wp\/v2\/media\/155207"}],"wp:attachment":[{"href":"https:\/\/cyclingpro.net\/velopro\/wp-json\/wp\/v2\/media?parent=155208"}],"wp:term":[{"taxonomy":"category","embeddable":true,"href":"https:\/\/cyclingpro.net\/velopro\/wp-json\/wp\/v2\/categories?post=155208"},{"taxonomy":"post_tag","embeddable":true,"href":"https:\/\/cyclingpro.net\/velopro\/wp-json\/wp\/v2\/tags?post=155208"}],"curies":[{"name":"wp","href":"https:\/\/api.w.org\/{rel}","templated":true}]}}