{"id":155206,"date":"2025-06-06T16:42:30","date_gmt":"2025-06-06T14:42:30","guid":{"rendered":"https:\/\/cyclingpro.net\/velopro\/uncategorized\/vuelta-a-espana-2025-directeur-javier-guillen-avoir-pogacar-et-vingegaard-au-depart-serait-le-plus-beau-cadeau-pour-notre-90e-anniversaire\/"},"modified":"2025-06-06T16:42:30","modified_gmt":"2025-06-06T14:42:30","slug":"vuelta-a-espana-2025-directeur-javier-guillen-avoir-pogacar-et-vingegaard-au-depart-serait-le-plus-beau-cadeau-pour-notre-90e-anniversaire","status":"publish","type":"post","link":"https:\/\/cyclingpro.net\/velopro\/autre\/vuelta-a-espana-2025-directeur-javier-guillen-avoir-pogacar-et-vingegaard-au-depart-serait-le-plus-beau-cadeau-pour-notre-90e-anniversaire\/","title":{"rendered":"Vuelta a Espa\u00f1a 2025, directeur Javier Guill\u00e9n : \u00ab\u00a0Avoir Poga\u010dar et Vingegaard au d\u00e9part serait le plus beau cadeau pour notre 90e anniversaire\u00a0\u00bb."},"content":{"rendered":"<p><strong>Javier Guill\u00e9n<\/strong> esp\u00e8re une participation de luxe \u00e0 la <strong>Vuelta a Espa\u00f1a 2025<\/strong>. La course espagnole partira le <strong>23 ao\u00fbt<\/strong> prochain d&rsquo;Italie, plus pr\u00e9cis\u00e9ment du Palais de Venaria Reale juste \u00e0 l&rsquo;ext\u00e9rieur de Turin, et son directeur vise \u00e0 obtenir la participation des deux coureurs les plus forts du groupe de trois semaines actuellement dans le peloton, \u00e0 savoir <strong>Tadej Poga\u010dar<\/strong> (UAE Team Emirates XRG) et <strong>Jonas Vingegaard<\/strong> (Visma | Lease a Bike). Parmi les deux, le Danois de 28 ans semble presque certain de participer au GT espagnol, qui l&rsquo;a vu terminer deuxi\u00e8me derri\u00e8re son co\u00e9quipier Sepp Kuss il y a deux ans, tandis que le ph\u00e9nom\u00e8ne slov\u00e8ne n&rsquo;a pour l&rsquo;instant ni confirm\u00e9 ni infirm\u00e9 la possibilit\u00e9 de participer \u00e0 la course ; pour l&rsquo;un comme pour l&rsquo;autre, une d\u00e9cision d\u00e9finitive pourrait n&rsquo;intervenir qu&rsquo;apr\u00e8s le Tour de France.<\/p>\n<p>Nous avons fait un parcours tr\u00e8s Vuelta\u00a0\u00bb, a d\u00e9clar\u00e9 Guill\u00e9n \u00e0 <em>EFE<\/em>. \u00ab\u00a0\u00c0 cela, nous ajoutons que nous esp\u00e9rons avoir l&rsquo;une des meilleures participations de l&rsquo;histoire [&#8230;] <strong>Avoir Poga\u010dar et Vingegaard au d\u00e9part serait le plus beau cadeau pour notre 90e anniversaire<\/strong>. Cette Vuelta est con\u00e7ue pour \u00eatre d\u00e9cid\u00e9e \u00e0 la Bola del Mundo. Nous voulons 21 \u00e9tapes et 21 histoires, mais nous \u00e9crivons le sc\u00e9nario et les coureurs doivent l&rsquo;interpr\u00e9ter. Et <strong>je suis satisfait de la fa\u00e7on dont ils l&rsquo;ont interpr\u00e9t\u00e9 ces derni\u00e8res ann\u00e9es<\/strong>\u00ab\u00a0.<\/p>\n<p>Le coureur de 53 ans a ensuite comment\u00e9 les rumeurs (qui ont toutefois \u00e9t\u00e9 rapidement d\u00e9menties) <a href=\"https:\/\/cyclingpro.net\/spaziociclismo\/worldtour\/vuelta-a-espana-2026-quattro-tappe-nelle-canarie-con-anche-il-teide-nessun-accordo-definito\/\">selon lesquelles la Vuelta pourrait revenir aux Canaries d\u00e8s 2026<\/a> : \u00ab\u00a0<strong>Nous esp\u00e9rons que cela se produira t\u00f4t ou tard<\/strong>. Le r\u00eave n&rsquo;est pas de faire un contre-la-montre sur le Teide, mais d&rsquo;amener la Vuelta aux Canaries, et il y a la volont\u00e9 de tout le monde. Nous aimerions que le Teide fasse partie du parcours, m\u00eame s&rsquo;il s&rsquo;agirait toujours d&rsquo;une \u00e9tape en ligne. <Le r\u00eave des Canaries est, \u00e0 l'heure actuelle, le plus beau d\u00e9fi et celui que nous aimerions le plus relever parmi ceux qui nous attendent dans un avenir proche<\/strong>\u00ab\u00a0.<\/p>\n","protected":false},"excerpt":{"rendered":"<p>Javier Guill\u00e9n esp\u00e8re une participation de luxe \u00e0 la Vuelta a Espa\u00f1a 2025. La course espagnole partira le 23 ao\u00fbt prochain d&rsquo;Italie, plus pr\u00e9cis\u00e9ment du Palais de Venaria Reale juste \u00e0 l&rsquo;ext\u00e9rieur de Turin, et son directeur vise \u00e0 obtenir la participation des deux coureurs les plus forts du groupe de trois semaines actuellement dans &hellip;<\/p>\n","protected":false},"author":20,"featured_media":155205,"comment_status":"open","ping_status":"open","sticky":false,"template":"","format":"standard","meta":{"footnotes":""},"categories":[3],"tags":[],"class_list":["post-155206","post","type-post","status-publish","format-standard","has-post-thumbnail","hentry","category-autre"],"_links":{"self":[{"href":"https:\/\/cyclingpro.net\/velopro\/wp-json\/wp\/v2\/posts\/155206","targetHints":{"allow":["GET"]}}],"collection":[{"href":"https:\/\/cyclingpro.net\/velopro\/wp-json\/wp\/v2\/posts"}],"about":[{"href":"https:\/\/cyclingpro.net\/velopro\/wp-json\/wp\/v2\/types\/post"}],"author":[{"embeddable":true,"href":"https:\/\/cyclingpro.net\/velopro\/wp-json\/wp\/v2\/users\/20"}],"replies":[{"embeddable":true,"href":"https:\/\/cyclingpro.net\/velopro\/wp-json\/wp\/v2\/comments?post=155206"}],"version-history":[{"count":0,"href":"https:\/\/cyclingpro.net\/velopro\/wp-json\/wp\/v2\/posts\/155206\/revisions"}],"wp:featuredmedia":[{"embeddable":true,"href":"https:\/\/cyclingpro.net\/velopro\/wp-json\/wp\/v2\/media\/155205"}],"wp:attachment":[{"href":"https:\/\/cyclingpro.net\/velopro\/wp-json\/wp\/v2\/media?parent=155206"}],"wp:term":[{"taxonomy":"category","embeddable":true,"href":"https:\/\/cyclingpro.net\/velopro\/wp-json\/wp\/v2\/categories?post=155206"},{"taxonomy":"post_tag","embeddable":true,"href":"https:\/\/cyclingpro.net\/velopro\/wp-json\/wp\/v2\/tags?post=155206"}],"curies":[{"name":"wp","href":"https:\/\/api.w.org\/{rel}","templated":true}]}}