{"id":155200,"date":"2025-06-06T15:15:43","date_gmt":"2025-06-06T13:15:43","guid":{"rendered":"https:\/\/cyclingpro.net\/velopro\/uncategorized\/cyclocross-pas-de-sanction-pour-lhomme-qui-a-jete-une-biere-sur-eli-iserbyt-lors-dune-course-tant-de-mots-et-puis-juste-un-avertissement\/"},"modified":"2025-06-06T15:15:43","modified_gmt":"2025-06-06T13:15:43","slug":"cyclocross-pas-de-sanction-pour-lhomme-qui-a-jete-une-biere-sur-eli-iserbyt-lors-dune-course-tant-de-mots-et-puis-juste-un-avertissement","status":"publish","type":"post","link":"https:\/\/cyclingpro.net\/velopro\/autre\/cyclocross-pas-de-sanction-pour-lhomme-qui-a-jete-une-biere-sur-eli-iserbyt-lors-dune-course-tant-de-mots-et-puis-juste-un-avertissement\/","title":{"rendered":"Cyclocross : pas de sanction pour l&rsquo;homme qui a jet\u00e9 une bi\u00e8re sur Eli Iserbyt lors d&rsquo;une course : \u00ab\u00a0Tant de mots, et puis juste un avertissement&#8230;\u00a0\u00bb."},"content":{"rendered":"<p>Pas de sanction, encore moins de punition, pour le spectateur qui a jet\u00e9 de la bi\u00e8re sur <strong>Eli Iserbyt<\/strong> lors du Koppenbergcross du 2 novembre. Lors de cette course, qui se d\u00e9roulait dans le cadre du circuit X2O Trofee, le coureur belge a \u00e9t\u00e9 victime d&rsquo;une <a href=\"https:\/\/cyclingpro.net\/spaziociclismo\/altro\/ciclocross\/ciclocross-la-squadra-di-iserbyt-e-gli-organizzatori-della-gara-denunciano-il-lanciatore-di-birra-il-caso-sara-trattato-con-la-massima-priorita\/\" target=\"_blank\" rel=\"noopener\">intemperance de la part d&rsquo;une personne sur le parcours<\/a>, geste film\u00e9 par la cam\u00e9ra. L&rsquo;\u00e9quipe d&rsquo;Iserbyt, les <strong>Pauwels Sauzen-Bingoal<\/strong>, et les organisateurs de la course ont alors port\u00e9 plainte contre l&rsquo;homme, qui a \u00e9t\u00e9 imm\u00e9diatement identifi\u00e9 par la police sur place. Apr\u00e8s quelques mois, l&rsquo;affaire s&rsquo;est termin\u00e9e, le spectateur s&rsquo;en tirant avec une lettre d&rsquo;avertissement envoy\u00e9e par le tribunal.<\/p>\n<p>\u00ab\u00a0Il faut envoyer les bons signaux. Au lieu de cela, beaucoup de promesses sont faites dans la presse, mais au bout du compte &#8230; &#8211; Le commentaire d&rsquo;Iserbyt sur l&rsquo;affaire, recueilli par <a href=\"https:\/\/www.nieuwsblad.be\/cnt\/dmf20250415_94192643\" target=\"_blank\" rel=\"noopener\"><em>Het Nieuwsblad<\/em><\/a> &#8211; Plus que f\u00e2ch\u00e9, je suis surtout d\u00e9\u00e7u, tant par la mani\u00e8re dont l&rsquo;affaire a \u00e9t\u00e9 trait\u00e9e que par le contenu de cet avertissement. <Deux phrases, rien de plus. On dit que le fait est av\u00e9r\u00e9, mais on ne va pas plus loin. Je trouve cela injuste<\/strong>\u00ab\u00a0.<\/p>\n<p>Iserby avait ajout\u00e9, apr\u00e8s la conclusion de l&rsquo;affaire : \u00ab\u00a0Je ne voulais certainement pas d&rsquo;argent de cet homme, mais un signal fort, au moins une forte amende, aurait \u00e9t\u00e9 juste. Ne serait-ce que pour effrayer d&rsquo;autres personnes qui pourraient vouloir faire la m\u00eame chose \u00e0 l&rsquo;avenir. Mais juste comme \u00e7a, avec un avertissement ? Une tape symbolique sur les doigts ? Ce qui me d\u00e9range le plus, c&rsquo;est que l&rsquo;on ne tient gu\u00e8re compte de la vuln\u00e9rabilit\u00e9 du motard dans ce genre de situation. Oui, ce n&rsquo;\u00e9tait que de la bi\u00e8re, mais que pouvaient-ils jeter d&rsquo;autre ? Vous n&rsquo;avez pas le choix, vous \u00eates engag\u00e9 dans la course et vous devez simplement p\u00e9daler. Vous ne pouvez pas vous d\u00e9fendre et vous \u00eates compl\u00e8tement impuissant.<\/p>\n","protected":false},"excerpt":{"rendered":"<p>Pas de sanction, encore moins de punition, pour le spectateur qui a jet\u00e9 de la bi\u00e8re sur Eli Iserbyt lors du Koppenbergcross du 2 novembre. Lors de cette course, qui se d\u00e9roulait dans le cadre du circuit X2O Trofee, le coureur belge a \u00e9t\u00e9 victime d&rsquo;une intemperance de la part d&rsquo;une personne sur le parcours, &hellip;<\/p>\n","protected":false},"author":20,"featured_media":155199,"comment_status":"open","ping_status":"open","sticky":false,"template":"","format":"standard","meta":{"footnotes":""},"categories":[3],"tags":[],"class_list":["post-155200","post","type-post","status-publish","format-standard","has-post-thumbnail","hentry","category-autre"],"_links":{"self":[{"href":"https:\/\/cyclingpro.net\/velopro\/wp-json\/wp\/v2\/posts\/155200","targetHints":{"allow":["GET"]}}],"collection":[{"href":"https:\/\/cyclingpro.net\/velopro\/wp-json\/wp\/v2\/posts"}],"about":[{"href":"https:\/\/cyclingpro.net\/velopro\/wp-json\/wp\/v2\/types\/post"}],"author":[{"embeddable":true,"href":"https:\/\/cyclingpro.net\/velopro\/wp-json\/wp\/v2\/users\/20"}],"replies":[{"embeddable":true,"href":"https:\/\/cyclingpro.net\/velopro\/wp-json\/wp\/v2\/comments?post=155200"}],"version-history":[{"count":0,"href":"https:\/\/cyclingpro.net\/velopro\/wp-json\/wp\/v2\/posts\/155200\/revisions"}],"wp:featuredmedia":[{"embeddable":true,"href":"https:\/\/cyclingpro.net\/velopro\/wp-json\/wp\/v2\/media\/155199"}],"wp:attachment":[{"href":"https:\/\/cyclingpro.net\/velopro\/wp-json\/wp\/v2\/media?parent=155200"}],"wp:term":[{"taxonomy":"category","embeddable":true,"href":"https:\/\/cyclingpro.net\/velopro\/wp-json\/wp\/v2\/categories?post=155200"},{"taxonomy":"post_tag","embeddable":true,"href":"https:\/\/cyclingpro.net\/velopro\/wp-json\/wp\/v2\/tags?post=155200"}],"curies":[{"name":"wp","href":"https:\/\/api.w.org\/{rel}","templated":true}]}}