{"id":155193,"date":"2025-06-06T13:41:51","date_gmt":"2025-06-06T11:41:51","guid":{"rendered":"https:\/\/cyclingpro.net\/velopro\/uncategorized\/team-picnic-postnl-john-degenkolb-et-fabio-jakobsen-devront-faire-limpasse-sur-le-tour-de-france\/"},"modified":"2025-06-06T13:41:51","modified_gmt":"2025-06-06T11:41:51","slug":"team-picnic-postnl-john-degenkolb-et-fabio-jakobsen-devront-faire-limpasse-sur-le-tour-de-france","status":"publish","type":"post","link":"https:\/\/cyclingpro.net\/velopro\/autre\/team-picnic-postnl-john-degenkolb-et-fabio-jakobsen-devront-faire-limpasse-sur-le-tour-de-france\/","title":{"rendered":"Team Picnic PostNL, John Degenkolb et Fabio Jakobsen devront faire l&rsquo;impasse sur le Tour de France"},"content":{"rendered":"<p>Pas de <strong>Tour de France 2025<\/strong> pour <strong>John Degenkolb<\/strong> et <strong>Fabio Jakobsen<\/strong>. Le <strong>Team Picnic PostNL<\/strong> a officialis\u00e9 l&rsquo;in\u00e9vitable forfait, alors que ce dernier avait fait savoir ces derniers jours qu&rsquo;il y avait encore quelques lueurs d&rsquo;espoir quant \u00e0 sa pr\u00e9sence. Le <strong>Team Picnic PostNL<\/strong> a fait savoir qu&rsquo;il \u00ab\u00a0devra renoncer \u00e0 deux de ses coureurs les plus pr\u00e9cieux [&#8230;] qui sont hors jeu en raison de leur \u00e9tat de sant\u00e9 actuel\u00a0\u00bb. Apr\u00e8s une mauvaise chute lors du <strong>Flanders Tour<\/strong>, l&rsquo;Allemand a subi une <strong>fracture de la clavicule, du coude et du poignet<\/strong>, blessures qui l&rsquo;ont contraint \u00e0 subir une intervention chirurgicale, ce qui a entra\u00een\u00e9 une prolongation in\u00e9vitable de son temps de r\u00e9cup\u00e9ration initialement pr\u00e9vu.<\/p>\n<p>Le N\u00e9erlandais, quant \u00e0 lui, souffre d&rsquo;un probl\u00e8me \u00e0 l&rsquo;art\u00e8re iliaque des deux jambes pour lequel il a subi une double op\u00e9ration au d\u00e9but du mois d&rsquo;avril. Sa convalescence a \u00e9t\u00e9 \u00ab\u00a0positive, en commen\u00e7ant par un entra\u00eenement en salle et en reprenant r\u00e9cemment des sorties en ext\u00e9rieur plus faciles et plus r\u00e9guli\u00e8res\u00a0\u00bb, mais cela ne suffit pas \u00e0 garantir qu&rsquo;il pourra \u00eatre comp\u00e9titif dans ce qui est la course de plus haut niveau au monde.<\/p>\n<p>Par cons\u00e9quent, comme l&rsquo;explique inexorablement l&rsquo;\u00e9quipe, \u00ab\u00a0pour les deux coureurs, le prochain Tour de France arrive trop t\u00f4t dans leur processus de r\u00e9habilitation\u00a0\u00bb. Le forfait est donc in\u00e9vitable.<\/p>\n","protected":false},"excerpt":{"rendered":"<p>Pas de Tour de France 2025 pour John Degenkolb et Fabio Jakobsen. Le Team Picnic PostNL a officialis\u00e9 l&rsquo;in\u00e9vitable forfait, alors que ce dernier avait fait savoir ces derniers jours qu&rsquo;il y avait encore quelques lueurs d&rsquo;espoir quant \u00e0 sa pr\u00e9sence. Le Team Picnic PostNL a fait savoir qu&rsquo;il \u00ab\u00a0devra renoncer \u00e0 deux de ses &hellip;<\/p>\n","protected":false},"author":20,"featured_media":155192,"comment_status":"open","ping_status":"open","sticky":false,"template":"","format":"standard","meta":{"footnotes":""},"categories":[3],"tags":[],"class_list":["post-155193","post","type-post","status-publish","format-standard","has-post-thumbnail","hentry","category-autre"],"_links":{"self":[{"href":"https:\/\/cyclingpro.net\/velopro\/wp-json\/wp\/v2\/posts\/155193","targetHints":{"allow":["GET"]}}],"collection":[{"href":"https:\/\/cyclingpro.net\/velopro\/wp-json\/wp\/v2\/posts"}],"about":[{"href":"https:\/\/cyclingpro.net\/velopro\/wp-json\/wp\/v2\/types\/post"}],"author":[{"embeddable":true,"href":"https:\/\/cyclingpro.net\/velopro\/wp-json\/wp\/v2\/users\/20"}],"replies":[{"embeddable":true,"href":"https:\/\/cyclingpro.net\/velopro\/wp-json\/wp\/v2\/comments?post=155193"}],"version-history":[{"count":0,"href":"https:\/\/cyclingpro.net\/velopro\/wp-json\/wp\/v2\/posts\/155193\/revisions"}],"wp:featuredmedia":[{"embeddable":true,"href":"https:\/\/cyclingpro.net\/velopro\/wp-json\/wp\/v2\/media\/155192"}],"wp:attachment":[{"href":"https:\/\/cyclingpro.net\/velopro\/wp-json\/wp\/v2\/media?parent=155193"}],"wp:term":[{"taxonomy":"category","embeddable":true,"href":"https:\/\/cyclingpro.net\/velopro\/wp-json\/wp\/v2\/categories?post=155193"},{"taxonomy":"post_tag","embeddable":true,"href":"https:\/\/cyclingpro.net\/velopro\/wp-json\/wp\/v2\/tags?post=155193"}],"curies":[{"name":"wp","href":"https:\/\/api.w.org\/{rel}","templated":true}]}}