{"id":155191,"date":"2025-06-06T13:35:13","date_gmt":"2025-06-06T11:35:13","guid":{"rendered":"https:\/\/cyclingpro.net\/velopro\/uncategorized\/tour-du-dauphine-2025-tadej-pogacar-est-pret-les-jambes-tournent-bien-et-la-motivation-est-grande\/"},"modified":"2025-06-06T13:35:13","modified_gmt":"2025-06-06T11:35:13","slug":"tour-du-dauphine-2025-tadej-pogacar-est-pret-les-jambes-tournent-bien-et-la-motivation-est-grande","status":"publish","type":"post","link":"https:\/\/cyclingpro.net\/velopro\/autre\/tour-du-dauphine-2025-tadej-pogacar-est-pret-les-jambes-tournent-bien-et-la-motivation-est-grande\/","title":{"rendered":"Tour du Dauphin\u00e9 2025, Tadej Pogacar est pr\u00eat : \u00ab\u00a0Les jambes tournent bien et la motivation est grande\u00a0\u00bb."},"content":{"rendered":"<p>&#038;nbsp ;<\/p>\n<p>Tadej Pogacar se pr\u00e9pare \u00e0 un test crucial au Tour du Dauphin\u00e9 2025. Arr\u00eat\u00e9 par le Li\u00e8ge &#8211; Bastogne &#8211; Li\u00e8ge qui l&rsquo;a vu cl\u00f4turer triomphalement un nouveau printemps de niveau absolu, avec sept victoires en 14 jours de course, terminant au moins sur le podium dans toutes les courses auxquelles il a particip\u00e9, le champion du monde va vivre une semaine intense qui le verra tout d&rsquo;abord reprendre la comp\u00e9tition en vue du Tour de France, mais aussi se confronter aux deux hommes qu&rsquo;il retrouvera ensuite sur la Grande Boucle, \u00e0 savoir Remco Evenepoel, mais surtout Jonas Vingegaard. <a href=\"https:\/\/cyclingpro.net\/spaziociclismo\/worldtour\/giro-del-delfinato-2025-definita-la-formazione-della-uae-emirates-xrg-intorno-a-tadej-pogacar\/\">Accompagn\u00e9 comme toujours d&rsquo;une \u00e9quipe de haut niveau<\/a>, le ph\u00e9nom\u00e8ne slov\u00e8ne attend donc beaucoup des huit \u00e9tapes qui d\u00e9buteront dimanche.<\/p>\n<p>\u00ab\u00a0Nous venons de terminer une tr\u00e8s bonne p\u00e9riode d&rsquo;entra\u00eenement en altitude avec l&rsquo;\u00e9quipe et je me sens bien\u00a0\u00bb, explique le coureur n\u00e9 en 1998, qui ne cache pas son enthousiasme : \u00ab\u00a0Mes jambes r\u00e9agissent bien et ma motivation est grande. Cela fait quelques ann\u00e9es que je n&rsquo;ai pas particip\u00e9 au Dauphin\u00e9 et nous sommes excit\u00e9s de reprendre la course apr\u00e8s de nombreuses semaines d&rsquo;entra\u00eenement tous ensemble. Il y a une bonne ambiance dans le groupe et nous sommes pr\u00eats \u00e0 nous mettre sur le dos et \u00e0 montrer ce dont nous sommes capables.<\/p>\n","protected":false},"excerpt":{"rendered":"<p>&#038;nbsp ; Tadej Pogacar se pr\u00e9pare \u00e0 un test crucial au Tour du Dauphin\u00e9 2025. Arr\u00eat\u00e9 par le Li\u00e8ge &#8211; Bastogne &#8211; Li\u00e8ge qui l&rsquo;a vu cl\u00f4turer triomphalement un nouveau printemps de niveau absolu, avec sept victoires en 14 jours de course, terminant au moins sur le podium dans toutes les courses auxquelles il a &hellip;<\/p>\n","protected":false},"author":20,"featured_media":155190,"comment_status":"open","ping_status":"open","sticky":false,"template":"","format":"standard","meta":{"footnotes":""},"categories":[3],"tags":[],"class_list":["post-155191","post","type-post","status-publish","format-standard","has-post-thumbnail","hentry","category-autre"],"_links":{"self":[{"href":"https:\/\/cyclingpro.net\/velopro\/wp-json\/wp\/v2\/posts\/155191","targetHints":{"allow":["GET"]}}],"collection":[{"href":"https:\/\/cyclingpro.net\/velopro\/wp-json\/wp\/v2\/posts"}],"about":[{"href":"https:\/\/cyclingpro.net\/velopro\/wp-json\/wp\/v2\/types\/post"}],"author":[{"embeddable":true,"href":"https:\/\/cyclingpro.net\/velopro\/wp-json\/wp\/v2\/users\/20"}],"replies":[{"embeddable":true,"href":"https:\/\/cyclingpro.net\/velopro\/wp-json\/wp\/v2\/comments?post=155191"}],"version-history":[{"count":0,"href":"https:\/\/cyclingpro.net\/velopro\/wp-json\/wp\/v2\/posts\/155191\/revisions"}],"wp:featuredmedia":[{"embeddable":true,"href":"https:\/\/cyclingpro.net\/velopro\/wp-json\/wp\/v2\/media\/155190"}],"wp:attachment":[{"href":"https:\/\/cyclingpro.net\/velopro\/wp-json\/wp\/v2\/media?parent=155191"}],"wp:term":[{"taxonomy":"category","embeddable":true,"href":"https:\/\/cyclingpro.net\/velopro\/wp-json\/wp\/v2\/categories?post=155191"},{"taxonomy":"post_tag","embeddable":true,"href":"https:\/\/cyclingpro.net\/velopro\/wp-json\/wp\/v2\/tags?post=155191"}],"curies":[{"name":"wp","href":"https:\/\/api.w.org\/{rel}","templated":true}]}}