{"id":155189,"date":"2025-06-06T13:11:42","date_gmt":"2025-06-06T11:11:42","guid":{"rendered":"https:\/\/cyclingpro.net\/velopro\/uncategorized\/lidl-trek-mattias-skjelmose-renonce-au-dauphine-pour-le-tour-de-suisse\/"},"modified":"2025-06-06T13:11:42","modified_gmt":"2025-06-06T11:11:42","slug":"lidl-trek-mattias-skjelmose-renonce-au-dauphine-pour-le-tour-de-suisse","status":"publish","type":"post","link":"https:\/\/cyclingpro.net\/velopro\/autre\/lidl-trek-mattias-skjelmose-renonce-au-dauphine-pour-le-tour-de-suisse\/","title":{"rendered":"Lidl-Trek, Mattias Skjelmose renonce au Dauphin\u00e9 pour le Tour de Suisse"},"content":{"rendered":"<p>Mattias Skjelmose doit renoncer \u00e0 la confrontation avec les trois grands noms du Tour du Dauphin\u00e9 2025. Ce qui, pour tous les hommes du haut du classement, \u00e9tait une occasion importante de comprendre leur propre niveau par rapport aux trois grands favoris du Tour de France, qui ont d\u00e9j\u00e0 domin\u00e9 la sc\u00e8ne l&rsquo;ann\u00e9e derni\u00e8re tant dans les ascensions que dans le contre-la-montre en couvrant tout le podium final, voit n\u00e9anmoins le Danois y renoncer en raison de quelques probl\u00e8mes de sant\u00e9. Le leader de la Lidl &#8211; Trek, qui a \u00e9t\u00e9 l&rsquo;un des rares coureurs cette ann\u00e9e \u00e0 pouvoir dire qu&rsquo;il avait battu Tadej Pogacar, apr\u00e8s l&rsquo;avoir d\u00e9pass\u00e9 au sprint, ainsi que Remco Evenepoel, lors de l&rsquo;Amstel Gold Race, devra en effet faire l&rsquo;impasse sur la course d&rsquo;ASO apr\u00e8s avoir souffert de probl\u00e8mes de sant\u00e9 ces derniers temps.<\/p>\n<p>L&rsquo;\u00e9quipe am\u00e9ricaine a donc pr\u00e9f\u00e9r\u00e9 lui accorder quelques jours de repos suppl\u00e9mentaires, rempla\u00e7ant la course fran\u00e7aise par le Tour de Suisse, l&rsquo;autre grande \u00e9preuve pr\u00e9paratoire \u00e0 la Grande Boucle, une course que le grimpeur scandinave a remport\u00e9e en 2023 et qui l&rsquo;a vu terminer troisi\u00e8me la saison derni\u00e8re. Cinqui\u00e8me de la Vuelta a Espa\u00f1a l&rsquo;\u00e9t\u00e9 dernier, la promotion 2000 est l&rsquo;un des outsiders les plus attendus du Tour, auquel il participera pour la deuxi\u00e8me fois de sa carri\u00e8re, apr\u00e8s une premi\u00e8re exp\u00e9rience malheureuse en 2023.<\/p>\n","protected":false},"excerpt":{"rendered":"<p>Mattias Skjelmose doit renoncer \u00e0 la confrontation avec les trois grands noms du Tour du Dauphin\u00e9 2025. Ce qui, pour tous les hommes du haut du classement, \u00e9tait une occasion importante de comprendre leur propre niveau par rapport aux trois grands favoris du Tour de France, qui ont d\u00e9j\u00e0 domin\u00e9 la sc\u00e8ne l&rsquo;ann\u00e9e derni\u00e8re tant &hellip;<\/p>\n","protected":false},"author":20,"featured_media":155188,"comment_status":"open","ping_status":"open","sticky":false,"template":"","format":"standard","meta":{"footnotes":""},"categories":[3],"tags":[],"class_list":["post-155189","post","type-post","status-publish","format-standard","has-post-thumbnail","hentry","category-autre"],"_links":{"self":[{"href":"https:\/\/cyclingpro.net\/velopro\/wp-json\/wp\/v2\/posts\/155189","targetHints":{"allow":["GET"]}}],"collection":[{"href":"https:\/\/cyclingpro.net\/velopro\/wp-json\/wp\/v2\/posts"}],"about":[{"href":"https:\/\/cyclingpro.net\/velopro\/wp-json\/wp\/v2\/types\/post"}],"author":[{"embeddable":true,"href":"https:\/\/cyclingpro.net\/velopro\/wp-json\/wp\/v2\/users\/20"}],"replies":[{"embeddable":true,"href":"https:\/\/cyclingpro.net\/velopro\/wp-json\/wp\/v2\/comments?post=155189"}],"version-history":[{"count":0,"href":"https:\/\/cyclingpro.net\/velopro\/wp-json\/wp\/v2\/posts\/155189\/revisions"}],"wp:featuredmedia":[{"embeddable":true,"href":"https:\/\/cyclingpro.net\/velopro\/wp-json\/wp\/v2\/media\/155188"}],"wp:attachment":[{"href":"https:\/\/cyclingpro.net\/velopro\/wp-json\/wp\/v2\/media?parent=155189"}],"wp:term":[{"taxonomy":"category","embeddable":true,"href":"https:\/\/cyclingpro.net\/velopro\/wp-json\/wp\/v2\/categories?post=155189"},{"taxonomy":"post_tag","embeddable":true,"href":"https:\/\/cyclingpro.net\/velopro\/wp-json\/wp\/v2\/tags?post=155189"}],"curies":[{"name":"wp","href":"https:\/\/api.w.org\/{rel}","templated":true}]}}