{"id":155187,"date":"2025-06-06T11:04:53","date_gmt":"2025-06-06T09:04:53","guid":{"rendered":"https:\/\/cyclingpro.net\/velopro\/uncategorized\/tour-du-dauphine-2025-uae-emirates-xrg-line-up-defini-autour-de-tadej-pogacar\/"},"modified":"2025-06-06T11:04:53","modified_gmt":"2025-06-06T09:04:53","slug":"tour-du-dauphine-2025-uae-emirates-xrg-line-up-defini-autour-de-tadej-pogacar","status":"publish","type":"post","link":"https:\/\/cyclingpro.net\/velopro\/autre\/tour-du-dauphine-2025-uae-emirates-xrg-line-up-defini-autour-de-tadej-pogacar\/","title":{"rendered":"Tour du Dauphin\u00e9 2025, UAE Emirates XRG line-up d\u00e9fini autour de Tadej Poga\u010dar"},"content":{"rendered":"<p>Le <strong>Tour du Dauphin\u00e9 2025<\/strong> est officiellement la course marquant le retour de <strong>Tadej Poga\u010dar<\/strong>. Le champion du monde en titre, mais aussi vainqueur du Tour des Flandres 2025 et de Li\u00e8ge-Bastogne-Li\u00e8ge 2025, pour rester dans les jours les plus proches dans le temps, sera en effet au d\u00e9part de la course WorldTour qui se d\u00e9roulera du dimanche 8 au dimanche 15 juin et que le Slov\u00e8ne n&rsquo;a abord\u00e9 qu&rsquo;une seule fois dans sa carri\u00e8re, en 2020. Le <strong>UAE Emirates XRG<\/strong> a confirm\u00e9 sa pr\u00e9sence, annon\u00e7ant le plateau avec lequel il prendra le d\u00e9part de la course \u00e0 laquelle le grand rival de Tadej Poga\u010dar, Jonas Vingegaard, devrait \u00e9galement participer.<\/p>\n<p>Dans ce qui sera une course anim\u00e9e, mais aussi une sorte de r\u00e9p\u00e9tition g\u00e9n\u00e9rale avant le Tour de France 2025, le Slov\u00e8ne sera rejoint par son compatriote Pavel Novak, l&rsquo;Allemand Nils Politt, l&rsquo;\u00c9quatorien Jhonatan Narv\u00e1ez, le Belge Tim Wellens, le Fran\u00e7ais Pavel Sivakov et l&rsquo;Espagnol Marc Soler.<\/p>\n","protected":false},"excerpt":{"rendered":"<p>Le Tour du Dauphin\u00e9 2025 est officiellement la course marquant le retour de Tadej Poga\u010dar. Le champion du monde en titre, mais aussi vainqueur du Tour des Flandres 2025 et de Li\u00e8ge-Bastogne-Li\u00e8ge 2025, pour rester dans les jours les plus proches dans le temps, sera en effet au d\u00e9part de la course WorldTour qui se &hellip;<\/p>\n","protected":false},"author":20,"featured_media":155186,"comment_status":"open","ping_status":"open","sticky":false,"template":"","format":"standard","meta":{"footnotes":""},"categories":[3],"tags":[],"class_list":["post-155187","post","type-post","status-publish","format-standard","has-post-thumbnail","hentry","category-autre"],"_links":{"self":[{"href":"https:\/\/cyclingpro.net\/velopro\/wp-json\/wp\/v2\/posts\/155187","targetHints":{"allow":["GET"]}}],"collection":[{"href":"https:\/\/cyclingpro.net\/velopro\/wp-json\/wp\/v2\/posts"}],"about":[{"href":"https:\/\/cyclingpro.net\/velopro\/wp-json\/wp\/v2\/types\/post"}],"author":[{"embeddable":true,"href":"https:\/\/cyclingpro.net\/velopro\/wp-json\/wp\/v2\/users\/20"}],"replies":[{"embeddable":true,"href":"https:\/\/cyclingpro.net\/velopro\/wp-json\/wp\/v2\/comments?post=155187"}],"version-history":[{"count":0,"href":"https:\/\/cyclingpro.net\/velopro\/wp-json\/wp\/v2\/posts\/155187\/revisions"}],"wp:featuredmedia":[{"embeddable":true,"href":"https:\/\/cyclingpro.net\/velopro\/wp-json\/wp\/v2\/media\/155186"}],"wp:attachment":[{"href":"https:\/\/cyclingpro.net\/velopro\/wp-json\/wp\/v2\/media?parent=155187"}],"wp:term":[{"taxonomy":"category","embeddable":true,"href":"https:\/\/cyclingpro.net\/velopro\/wp-json\/wp\/v2\/categories?post=155187"},{"taxonomy":"post_tag","embeddable":true,"href":"https:\/\/cyclingpro.net\/velopro\/wp-json\/wp\/v2\/tags?post=155187"}],"curies":[{"name":"wp","href":"https:\/\/api.w.org\/{rel}","templated":true}]}}