{"id":155185,"date":"2025-06-06T10:33:05","date_gmt":"2025-06-06T08:33:05","guid":{"rendered":"https:\/\/cyclingpro.net\/velopro\/uncategorized\/tour-du-dauphine-2025-jonathan-milan-revient-dans-la-course-apres-presque-deux-mois-avec-lui-lacolyte-simone-consonni\/"},"modified":"2025-06-06T10:33:05","modified_gmt":"2025-06-06T08:33:05","slug":"tour-du-dauphine-2025-jonathan-milan-revient-dans-la-course-apres-presque-deux-mois-avec-lui-lacolyte-simone-consonni","status":"publish","type":"post","link":"https:\/\/cyclingpro.net\/velopro\/autre\/tour-du-dauphine-2025-jonathan-milan-revient-dans-la-course-apres-presque-deux-mois-avec-lui-lacolyte-simone-consonni\/","title":{"rendered":"Tour du Dauphin\u00e9 2025, Jonathan Milan revient dans la course apr\u00e8s presque deux mois : avec lui \u00ab\u00a0l&rsquo;acolyte\u00a0\u00bb Simone Consonni"},"content":{"rendered":"<p><strong>Jonathan Milan<\/strong> est de retour sur la route. Le sprinter du Frioul sera le fer de lance du <strong>Lidl-Trek<\/strong> lors du Tour du Dauphin\u00e9 2025, une course par \u00e9tapes de niveau WorldTour qui se d\u00e9roulera entre le dimanche 8 et le dimanche 15 juin. Milan n&rsquo;a pas couru depuis Paris-Roubaix le 13 avril, et la course fran\u00e7aise repr\u00e9sente un moment important dans sa pr\u00e9paration au <strong>Tour de France 2025<\/strong>. Pour l&rsquo;Italien, il s&rsquo;agira d&rsquo;une double entr\u00e9e en mati\u00e8re, puisqu&rsquo;il n&rsquo;a jamais couru le Tour dans sa carri\u00e8re, et encore moins le Dauphin\u00e9. Il sera accompagn\u00e9 de son acolyte de ces derni\u00e8res ann\u00e9es, Simone Consonni, pour lui ouvrir la voie dans les sprints \u00e0 venir.<\/p>\n<p>L&rsquo;\u00e9quipe Lidl-Trek sera compl\u00e9t\u00e9e par<strong>Julien Bernard, Amanuel Ghebreigzabhier, Toms Skuji\u0146\u0161, Jasper Stuyven<\/strong> et <strong>Edward Theuns<\/strong> ; des choix qui confirment la volont\u00e9 de l&rsquo;\u00e9quipe am\u00e9ricaine de se concentrer sur les sprints et non sur le classement g\u00e9n\u00e9ral.<\/p>\n","protected":false},"excerpt":{"rendered":"<p>Jonathan Milan est de retour sur la route. Le sprinter du Frioul sera le fer de lance du Lidl-Trek lors du Tour du Dauphin\u00e9 2025, une course par \u00e9tapes de niveau WorldTour qui se d\u00e9roulera entre le dimanche 8 et le dimanche 15 juin. Milan n&rsquo;a pas couru depuis Paris-Roubaix le 13 avril, et la &hellip;<\/p>\n","protected":false},"author":20,"featured_media":155184,"comment_status":"open","ping_status":"open","sticky":false,"template":"","format":"standard","meta":{"footnotes":""},"categories":[3],"tags":[],"class_list":["post-155185","post","type-post","status-publish","format-standard","has-post-thumbnail","hentry","category-autre"],"_links":{"self":[{"href":"https:\/\/cyclingpro.net\/velopro\/wp-json\/wp\/v2\/posts\/155185","targetHints":{"allow":["GET"]}}],"collection":[{"href":"https:\/\/cyclingpro.net\/velopro\/wp-json\/wp\/v2\/posts"}],"about":[{"href":"https:\/\/cyclingpro.net\/velopro\/wp-json\/wp\/v2\/types\/post"}],"author":[{"embeddable":true,"href":"https:\/\/cyclingpro.net\/velopro\/wp-json\/wp\/v2\/users\/20"}],"replies":[{"embeddable":true,"href":"https:\/\/cyclingpro.net\/velopro\/wp-json\/wp\/v2\/comments?post=155185"}],"version-history":[{"count":0,"href":"https:\/\/cyclingpro.net\/velopro\/wp-json\/wp\/v2\/posts\/155185\/revisions"}],"wp:featuredmedia":[{"embeddable":true,"href":"https:\/\/cyclingpro.net\/velopro\/wp-json\/wp\/v2\/media\/155184"}],"wp:attachment":[{"href":"https:\/\/cyclingpro.net\/velopro\/wp-json\/wp\/v2\/media?parent=155185"}],"wp:term":[{"taxonomy":"category","embeddable":true,"href":"https:\/\/cyclingpro.net\/velopro\/wp-json\/wp\/v2\/categories?post=155185"},{"taxonomy":"post_tag","embeddable":true,"href":"https:\/\/cyclingpro.net\/velopro\/wp-json\/wp\/v2\/tags?post=155185"}],"curies":[{"name":"wp","href":"https:\/\/api.w.org\/{rel}","templated":true}]}}