{"id":155163,"date":"2025-06-06T09:20:00","date_gmt":"2025-06-06T07:20:00","guid":{"rendered":"https:\/\/cyclingpro.net\/velopro\/uncategorized\/maryland-classic-2025-15-equipes-annoncees-dont-3-worldtour-et-solution-tech-vini-fantini\/"},"modified":"2025-06-06T09:20:00","modified_gmt":"2025-06-06T07:20:00","slug":"maryland-classic-2025-15-equipes-annoncees-dont-3-worldtour-et-solution-tech-vini-fantini","status":"publish","type":"post","link":"https:\/\/cyclingpro.net\/velopro\/autre\/maryland-classic-2025-15-equipes-annoncees-dont-3-worldtour-et-solution-tech-vini-fantini\/","title":{"rendered":"Maryland Classic 2025, 15 \u00e9quipes annonc\u00e9es : dont 3 WorldTour et Solution Tech-Vini Fantini"},"content":{"rendered":"<p>Apr\u00e8s une \u00e9dition saut\u00e9e, <a href=\"https:\/\/cyclingpro.net\/spaziociclismo\/continental\/maryland-classic-2024-corsa-cancellata-problemi-di-viabilita-dopo-il-crollo-del-ponte-di-baltimore-ma-torneremo-gia-nel-2025\/\" target=\"_blank\" rel=\"noopener\">l&rsquo;\u00e9dition 2024<\/a>, la <strong>Maryland Classic 2025<\/strong> aura lieu r\u00e9guli\u00e8rement. La course d&rsquo;un jour, qui fait partie du programme des courses UCI 1.Pro et se d\u00e9roulera sur et autour de Baltimore <strong>samedi 6 septembre<\/strong>, retrouvera ainsi sa place dans le calendrier international, en attirant pas mal d&rsquo;\u00e9quipes professionnelles au d\u00e9part. Parmi elles, trois \u00e9quipes du WorldTour, \u00e0 savoir les deux \u00e9quipes am\u00e9ricaines Lidl-Trek et Ef Education-EasyPost, et l&rsquo;\u00e9quipe australienne Jayco-AlUla. Il y aura \u00e9galement des \u00e9quipes professionnelles, dont l&rsquo;\u00e9quipe italienne <strong>Solution Tech-Vini Fantini<\/strong>. Pour compl\u00e9ter le groupe dans la course, il y aura cinq coureurs continentaux et une s\u00e9lection nationale des \u00c9tats-Unis.<\/p>\n<h2>Liste des \u00e9quipes de la Maryland Classic 2025<\/h2>\n<p>.<br \/>\n<strong>WorldTour<\/strong><br \/>\nEf Education-EasyPostLidl-Trek<br \/>\n\u00c9quipe Movistar<br \/>\n\u00c9quipe Jayco-AlUla<\/p>\n<p><strong>Professionnel<\/strong><br \/>\nIsra\u00ebl-Premier Tech<br \/>\nSolution Tech-Vini Fantini<br \/>\n\u00c9quipe Novo Nordisk<br \/>\nTotalEnergies<br \/>\nTudor Pro Cycling Team<br \/>\nUno-X Mobility<\/p>\n<p>Continental <strong>Continental <\/strong><br \/>\nHustle Pro Cycling<br \/>\nPetrolike<br \/>\nProject Echelon<br \/>\nTeam Medellin<br \/>\nTeam Skyline<\/p>\n<p><b>Nationales<\/b><br \/>\n\u00c9tats-Unis<\/p>\n","protected":false},"excerpt":{"rendered":"<p>Apr\u00e8s une \u00e9dition saut\u00e9e, l&rsquo;\u00e9dition 2024, la Maryland Classic 2025 aura lieu r\u00e9guli\u00e8rement. La course d&rsquo;un jour, qui fait partie du programme des courses UCI 1.Pro et se d\u00e9roulera sur et autour de Baltimore samedi 6 septembre, retrouvera ainsi sa place dans le calendrier international, en attirant pas mal d&rsquo;\u00e9quipes professionnelles au d\u00e9part. Parmi elles, &hellip;<\/p>\n","protected":false},"author":20,"featured_media":155162,"comment_status":"open","ping_status":"open","sticky":false,"template":"","format":"standard","meta":{"footnotes":""},"categories":[3],"tags":[],"class_list":["post-155163","post","type-post","status-publish","format-standard","has-post-thumbnail","hentry","category-autre"],"_links":{"self":[{"href":"https:\/\/cyclingpro.net\/velopro\/wp-json\/wp\/v2\/posts\/155163","targetHints":{"allow":["GET"]}}],"collection":[{"href":"https:\/\/cyclingpro.net\/velopro\/wp-json\/wp\/v2\/posts"}],"about":[{"href":"https:\/\/cyclingpro.net\/velopro\/wp-json\/wp\/v2\/types\/post"}],"author":[{"embeddable":true,"href":"https:\/\/cyclingpro.net\/velopro\/wp-json\/wp\/v2\/users\/20"}],"replies":[{"embeddable":true,"href":"https:\/\/cyclingpro.net\/velopro\/wp-json\/wp\/v2\/comments?post=155163"}],"version-history":[{"count":0,"href":"https:\/\/cyclingpro.net\/velopro\/wp-json\/wp\/v2\/posts\/155163\/revisions"}],"wp:featuredmedia":[{"embeddable":true,"href":"https:\/\/cyclingpro.net\/velopro\/wp-json\/wp\/v2\/media\/155162"}],"wp:attachment":[{"href":"https:\/\/cyclingpro.net\/velopro\/wp-json\/wp\/v2\/media?parent=155163"}],"wp:term":[{"taxonomy":"category","embeddable":true,"href":"https:\/\/cyclingpro.net\/velopro\/wp-json\/wp\/v2\/categories?post=155163"},{"taxonomy":"post_tag","embeddable":true,"href":"https:\/\/cyclingpro.net\/velopro\/wp-json\/wp\/v2\/tags?post=155163"}],"curies":[{"name":"wp","href":"https:\/\/api.w.org\/{rel}","templated":true}]}}