{"id":153952,"date":"2025-05-10T16:10:43","date_gmt":"2025-05-10T14:10:43","guid":{"rendered":"https:\/\/cyclingpro.net\/velopro\/uncategorized\/gp-du-morbihan-2025-benoit-cosnefroy-prend-le-trio\/"},"modified":"2025-05-10T16:10:43","modified_gmt":"2025-05-10T14:10:43","slug":"gp-du-morbihan-2025-benoit-cosnefroy-prend-le-trio","status":"publish","type":"post","link":"https:\/\/cyclingpro.net\/velopro\/autre\/gp-du-morbihan-2025-benoit-cosnefroy-prend-le-trio\/","title":{"rendered":"GP du Morbihan 2025, Benoit Cosnefroy prend le trio !"},"content":{"rendered":"<p>Benoit Cosnefroy a renou\u00e9 avec la victoire en remportant le GP du Morbihan 2025. Le coureur de 29 ans de l&rsquo;\u00e9quipe D\u00e9cathlon AG2R La Mondiale a sprint\u00e9 pour s&rsquo;imposer dans l&rsquo;arriv\u00e9e en l\u00e9g\u00e8re mont\u00e9e \u00e0 Plumelec, signant ainsi sa deuxi\u00e8me victoire cons\u00e9cutive dans cette course et sa troisi\u00e8me au total en comptant celle de 2019.<\/p>\n<p><em>Plus d&rsquo;informations<\/em> suivront.<\/p>\n<h2>R\u00e9sultat GP du Morbihan 2025<\/h2>\n<p>.<br \/>\n<iframe loading=\"lazy\" src=\"https:\/\/secure.cyclingprodata.com\/widgets\/latest\/widgets.html ?type=standings&amp;tour_id=920&amp;reflow_mode=true&amp;language=fr\" width=\"100%\" height=\"1000px\" data-mce-fragment=\"1\"><span data-mce-type=\"bookmark\" style=\"display : inline-block ; width : 0px ; overflow : hidden ; line-height : 0 ;\" class=\"mce_SELRES_start\"><\/span><span data-mce-type=\"bookmark\" style=\"display : inline-block ; width : 0px ; overflow : hidden ; line-height : 0 ;\" class=\"mce_SELRES_start\"><\/span><\/iframe><\/p>\n","protected":false},"excerpt":{"rendered":"<p>Benoit Cosnefroy a renou\u00e9 avec la victoire en remportant le GP du Morbihan 2025. Le coureur de 29 ans de l&rsquo;\u00e9quipe D\u00e9cathlon AG2R La Mondiale a sprint\u00e9 pour s&rsquo;imposer dans l&rsquo;arriv\u00e9e en l\u00e9g\u00e8re mont\u00e9e \u00e0 Plumelec, signant ainsi sa deuxi\u00e8me victoire cons\u00e9cutive dans cette course et sa troisi\u00e8me au total en comptant celle de 2019. &hellip;<\/p>\n","protected":false},"author":20,"featured_media":153951,"comment_status":"open","ping_status":"open","sticky":false,"template":"","format":"standard","meta":{"footnotes":""},"categories":[3],"tags":[],"class_list":["post-153952","post","type-post","status-publish","format-standard","has-post-thumbnail","hentry","category-autre"],"_links":{"self":[{"href":"https:\/\/cyclingpro.net\/velopro\/wp-json\/wp\/v2\/posts\/153952","targetHints":{"allow":["GET"]}}],"collection":[{"href":"https:\/\/cyclingpro.net\/velopro\/wp-json\/wp\/v2\/posts"}],"about":[{"href":"https:\/\/cyclingpro.net\/velopro\/wp-json\/wp\/v2\/types\/post"}],"author":[{"embeddable":true,"href":"https:\/\/cyclingpro.net\/velopro\/wp-json\/wp\/v2\/users\/20"}],"replies":[{"embeddable":true,"href":"https:\/\/cyclingpro.net\/velopro\/wp-json\/wp\/v2\/comments?post=153952"}],"version-history":[{"count":0,"href":"https:\/\/cyclingpro.net\/velopro\/wp-json\/wp\/v2\/posts\/153952\/revisions"}],"wp:featuredmedia":[{"embeddable":true,"href":"https:\/\/cyclingpro.net\/velopro\/wp-json\/wp\/v2\/media\/153951"}],"wp:attachment":[{"href":"https:\/\/cyclingpro.net\/velopro\/wp-json\/wp\/v2\/media?parent=153952"}],"wp:term":[{"taxonomy":"category","embeddable":true,"href":"https:\/\/cyclingpro.net\/velopro\/wp-json\/wp\/v2\/categories?post=153952"},{"taxonomy":"post_tag","embeddable":true,"href":"https:\/\/cyclingpro.net\/velopro\/wp-json\/wp\/v2\/tags?post=153952"}],"curies":[{"name":"wp","href":"https:\/\/api.w.org\/{rel}","templated":true}]}}