{"id":153938,"date":"2025-05-10T10:41:06","date_gmt":"2025-05-10T08:41:06","guid":{"rendered":"https:\/\/cyclingpro.net\/velopro\/uncategorized\/tour-de-suisse-2025-de-nombreuses-innovations-pour-la-securite-analyse-detaillee-des-risques-et-introduction-dun-nouveau-systeme-gps-pour-assurer-la-securite-des-coureurs\/"},"modified":"2025-05-10T10:41:06","modified_gmt":"2025-05-10T08:41:06","slug":"tour-de-suisse-2025-de-nombreuses-innovations-pour-la-securite-analyse-detaillee-des-risques-et-introduction-dun-nouveau-systeme-gps-pour-assurer-la-securite-des-coureurs","status":"publish","type":"post","link":"https:\/\/cyclingpro.net\/velopro\/autre\/tour-de-suisse-2025-de-nombreuses-innovations-pour-la-securite-analyse-detaillee-des-risques-et-introduction-dun-nouveau-systeme-gps-pour-assurer-la-securite-des-coureurs\/","title":{"rendered":"Tour de Suisse 2025, de nombreuses innovations pour la s\u00e9curit\u00e9 : analyse d\u00e9taill\u00e9e des risques et introduction d&rsquo;un nouveau syst\u00e8me GPS pour assurer la s\u00e9curit\u00e9 des coureurs"},"content":{"rendered":"<p>Beaucoup de nouvelles en mati\u00e8re de s\u00e9curit\u00e9 des coureurs lors du <strong>Tour de Suisse 2025<\/strong>. Apr\u00e8s deux saisons tragiques pour le cyclisme sur sol helv\u00e9tique, avec le d\u00e9c\u00e8s de <strong><a href=\"https:\/\/cyclingpro.net\/spaziociclismo\/worldtour\/giro-di-svizzera-2023-la-sesta-tappa-annullata-dopo-la-morte-di-gino-mader\/\">Gino Mader<\/a><\/strong> d\u00e8s le Tour de Suisse 2023 suivi de celui du tr\u00e8s jeune <strong><a href=\"https:\/\/cyclingpro.net\/spaziociclismo\/zurigo-2024\/mondiali-zurigo-2024-muriel-furrer-e-morta\/\">Muriel Furrer<\/a><\/strong> aux Championnats du monde de Zurich l&rsquo;an dernier, les organisateurs de la courte course par \u00e9tapes suisse ont d\u00e9cid\u00e9 d&rsquo;intensifier leurs efforts pour pr\u00e9server les coureurs et minimiser les risques d&rsquo;accidents qui pourraient mettre en p\u00e9ril la s\u00e9curit\u00e9 des athl\u00e8tes. Le directeur du Tour de Suisse, Olivier Senn, s&rsquo;est exprim\u00e9 sur ces changements et a expliqu\u00e9 en d\u00e9tail comment les probl\u00e8mes de s\u00e9curit\u00e9 seront r\u00e9solus.<\/p>\n<p>\u00ab\u00a0Nous avons pris plusieurs pr\u00e9cautions. Tout d&rsquo;abord, toutes les mesures de s\u00e9curit\u00e9 que nous prendrons seront <strong>v\u00e9rifi\u00e9es par des experts externes<\/strong> qui analyseront nos documents et nos processus de d\u00e9cision d&rsquo;un point de vue ind\u00e9pendant. Nous avons \u00e9galement r\u00e9organis\u00e9 l&rsquo;analyse des risques de l&rsquo;itin\u00e9raire. Auparavant, cette t\u00e2che incombait \u00e0 une ou deux personnes, aujourd&rsquo;hui elle sera confi\u00e9e \u00e0 <strong>cinq personnes<\/strong>. Elles \u00e9tudieront chaque \u00e9tape, identifieront tous les points \u00e0 risque possibles et prendront des mesures pour r\u00e9duire les dangers. En particulier, nous devrons identifier les virages qui seront pris \u00e0 grande vitesse et prendre les mesures appropri\u00e9es pour les s\u00e9curiser. Il est pr\u00e9vu de placer du personnel \u00e0 proximit\u00e9 de ces virages, d&rsquo;utiliser des protections et d&rsquo;informer les \u00e9quipes \u00e0 l&rsquo;avance afin de minimiser les risques.<\/p>\n<p>La course par \u00e9tapes suisse sera \u00e9galement la premi\u00e8re \u00e0 introduire, sur une base volontaire, l&rsquo;utilisation de traceurs GPS pour garder tous les coureurs de la course sous contr\u00f4le \u00e0 tout moment : \u00ab\u00a0Nous esp\u00e9rons que tout le monde d\u00e9cidera d&rsquo;utiliser ce syst\u00e8me. Tous les v\u00e9los seront \u00e9quip\u00e9s d&rsquo;un petit tracker qui \u00e9mettra une alarme en cas d&rsquo;anomalies particuli\u00e8res<\/strong>, par exemple si le v\u00e9lo reste immobile pendant 30 secondes, s&rsquo;il quitte le parcours ou change rapidement de vitesse. Dans ces cas, nous serons imm\u00e9diatement inform\u00e9s et pourrons r\u00e9agir. Toutes ces informations seront g\u00e9r\u00e9es par le Safety Command Centre, qui gardera un \u0153il sur l&rsquo;ensemble de la course. L&rsquo;utilisation de ces syst\u00e8mes GPS reste un sujet sensible au sein du peloton, de nombreuses \u00e9quipes semblant oppos\u00e9es \u00e0 l&rsquo;introduction de ce syst\u00e8me : \u00ab\u00a0Il y a des doutes sur la possibilit\u00e9 d&rsquo;utiliser les donn\u00e9es collect\u00e9es \u00e0 des fins commerciales. Il a donc \u00e9t\u00e9 d\u00e9cid\u00e9 que les organisateurs ne peuvent pas rendre ces GPS obligatoires. Pour nous, c&rsquo;est une question de s\u00e9curit\u00e9, pas une question commerciale. Nous avons introduit la possibilit\u00e9 de ne pas utiliser ce syst\u00e8me, mais <strong>ceux qui l&rsquo;utiliseront en assumeront les risques<\/strong>\u00ab\u00a0.<\/p>\n","protected":false},"excerpt":{"rendered":"<p>Beaucoup de nouvelles en mati\u00e8re de s\u00e9curit\u00e9 des coureurs lors du Tour de Suisse 2025. Apr\u00e8s deux saisons tragiques pour le cyclisme sur sol helv\u00e9tique, avec le d\u00e9c\u00e8s de Gino Mader d\u00e8s le Tour de Suisse 2023 suivi de celui du tr\u00e8s jeune Muriel Furrer aux Championnats du monde de Zurich l&rsquo;an dernier, les organisateurs &hellip;<\/p>\n","protected":false},"author":20,"featured_media":153937,"comment_status":"open","ping_status":"open","sticky":false,"template":"","format":"standard","meta":{"footnotes":""},"categories":[3],"tags":[],"class_list":["post-153938","post","type-post","status-publish","format-standard","has-post-thumbnail","hentry","category-autre"],"_links":{"self":[{"href":"https:\/\/cyclingpro.net\/velopro\/wp-json\/wp\/v2\/posts\/153938","targetHints":{"allow":["GET"]}}],"collection":[{"href":"https:\/\/cyclingpro.net\/velopro\/wp-json\/wp\/v2\/posts"}],"about":[{"href":"https:\/\/cyclingpro.net\/velopro\/wp-json\/wp\/v2\/types\/post"}],"author":[{"embeddable":true,"href":"https:\/\/cyclingpro.net\/velopro\/wp-json\/wp\/v2\/users\/20"}],"replies":[{"embeddable":true,"href":"https:\/\/cyclingpro.net\/velopro\/wp-json\/wp\/v2\/comments?post=153938"}],"version-history":[{"count":0,"href":"https:\/\/cyclingpro.net\/velopro\/wp-json\/wp\/v2\/posts\/153938\/revisions"}],"wp:featuredmedia":[{"embeddable":true,"href":"https:\/\/cyclingpro.net\/velopro\/wp-json\/wp\/v2\/media\/153937"}],"wp:attachment":[{"href":"https:\/\/cyclingpro.net\/velopro\/wp-json\/wp\/v2\/media?parent=153938"}],"wp:term":[{"taxonomy":"category","embeddable":true,"href":"https:\/\/cyclingpro.net\/velopro\/wp-json\/wp\/v2\/categories?post=153938"},{"taxonomy":"post_tag","embeddable":true,"href":"https:\/\/cyclingpro.net\/velopro\/wp-json\/wp\/v2\/tags?post=153938"}],"curies":[{"name":"wp","href":"https:\/\/api.w.org\/{rel}","templated":true}]}}