{"id":153369,"date":"2025-04-29T18:46:43","date_gmt":"2025-04-29T16:46:43","guid":{"rendered":"https:\/\/cyclingpro.net\/velopro\/uncategorized\/tour-de-romandie-2025-ivo-oliveira-battu-de-28-centiemes-je-suis-quand-meme-satisfait-parce-que-jai-tout-donne\/"},"modified":"2025-04-29T18:46:43","modified_gmt":"2025-04-29T16:46:43","slug":"tour-de-romandie-2025-ivo-oliveira-battu-de-28-centiemes-je-suis-quand-meme-satisfait-parce-que-jai-tout-donne","status":"publish","type":"post","link":"https:\/\/cyclingpro.net\/velopro\/autre\/tour-de-romandie-2025-ivo-oliveira-battu-de-28-centiemes-je-suis-quand-meme-satisfait-parce-que-jai-tout-donne\/","title":{"rendered":"Tour de Romandie 2025, Ivo Oliveira battu de 28 centi\u00e8mes : \u00ab\u00a0Je suis quand m\u00eame satisfait parce que j&rsquo;ai tout donn\u00e9\u00a0\u00bb."},"content":{"rendered":"<p><strong>Ivo Oliveira<\/strong> est pass\u00e9 tout pr\u00e8s de la victoire lors du prologue de la <strong>Rome de Romandie 2025<\/strong>. Longtemps sur la sellette apr\u00e8s avoir sign\u00e9 le meilleur temps du contre-la-montre \u00e0 <strong>Saint-Imier<\/strong>, le <strong>UAE Team Emirates XRG<\/strong> <a href=\"https:\/\/cyclingpro.net\/spaziociclismo\/sintesi-gare\/giro-di-romandia-2025-samuel-watson-si-sorprende-e-conquista-il-prologo\/\">coureur a \u00e9t\u00e9 d\u00e9pass\u00e9 dans le final par <strong>Samuel Watson<\/strong> (Ineos Grenadiers)<\/a>, qui a priv\u00e9 le Portugais de sa troisi\u00e8me victoire d&rsquo;\u00e9tape en un peu moins de deux semaines, apr\u00e8s les deux du Giro d&rsquo;Abruzzo. Interrog\u00e9 par nos correspondants imm\u00e9diatement apr\u00e8s la fin de son \u00e9tape, le coureur de 28 ans \u00e9tait d\u00e9j\u00e0 satisfait de sa performance, quel que soit le r\u00e9sultat final.<\/p>\n<p><strong>Vous faisiez partie des favoris, d&rsquo;autant plus que vous aviez \u00e9galement r\u00e9alis\u00e9 une belle performance l&rsquo;ann\u00e9e derni\u00e8re. Parlez-nous de votre effort.<\/strong><br \/>\nLes prologues courts sont ce que j&rsquo;aime et je m&rsquo;entra\u00eene beaucoup pour les faire. L&rsquo;\u00e9quipe m&rsquo;a donn\u00e9 l&rsquo;opportunit\u00e9 de venir ici et d&rsquo;essayer de gagner. Il y a encore beaucoup de coureurs \u00e0 venir, beaucoup de bons coureurs, mais j&rsquo;esp\u00e8re vraiment gagner. J&rsquo;ai travaill\u00e9 dur pour cela et je l&rsquo;esp\u00e8re vraiment. Si ce n&rsquo;est pas le cas, je serai quand m\u00eame satisfait parce que j&rsquo;ai tout donn\u00e9, j&rsquo;ai bien n\u00e9goci\u00e9 les virages, le rythme \u00e9tait bon et je suis quand m\u00eame content.<\/p>\n<p><Pourquoi avoir choisi un v\u00e9lo de contre-la-montre ?\nJe n'ai pas utilis\u00e9 de v\u00e9lo de contre-la-montre au cours des trois derniers mois parce qu'aujourd'hui, je pensais utiliser un v\u00e9lo normal. Mais une fois que nous avons vu le parcours, nous avons d\u00e9cid\u00e9 entre nous quel \u00e9tait le v\u00e9lo avec lequel nous nous sentions le plus \u00e0 l'aise et que nous allions utiliser. J'ai donc opt\u00e9 pour le v\u00e9lo de contre-la-montre, auquel je suis plus qu'habitu\u00e9. J'aime vraiment courir sur ce v\u00e9lo, il est plus bas. Certains coureurs ne l'aiment pas, mais pour moi c'est mieux, c'est pourquoi je l'ai choisi et je pense que c'\u00e9tait le meilleur choix.\n<\/p>\n","protected":false},"excerpt":{"rendered":"<p>Ivo Oliveira est pass\u00e9 tout pr\u00e8s de la victoire lors du prologue de la Rome de Romandie 2025. Longtemps sur la sellette apr\u00e8s avoir sign\u00e9 le meilleur temps du contre-la-montre \u00e0 Saint-Imier, le UAE Team Emirates XRG coureur a \u00e9t\u00e9 d\u00e9pass\u00e9 dans le final par Samuel Watson (Ineos Grenadiers), qui a priv\u00e9 le Portugais de &hellip;<\/p>\n","protected":false},"author":20,"featured_media":153368,"comment_status":"open","ping_status":"open","sticky":false,"template":"","format":"standard","meta":{"footnotes":""},"categories":[3],"tags":[],"class_list":["post-153369","post","type-post","status-publish","format-standard","has-post-thumbnail","hentry","category-autre"],"_links":{"self":[{"href":"https:\/\/cyclingpro.net\/velopro\/wp-json\/wp\/v2\/posts\/153369","targetHints":{"allow":["GET"]}}],"collection":[{"href":"https:\/\/cyclingpro.net\/velopro\/wp-json\/wp\/v2\/posts"}],"about":[{"href":"https:\/\/cyclingpro.net\/velopro\/wp-json\/wp\/v2\/types\/post"}],"author":[{"embeddable":true,"href":"https:\/\/cyclingpro.net\/velopro\/wp-json\/wp\/v2\/users\/20"}],"replies":[{"embeddable":true,"href":"https:\/\/cyclingpro.net\/velopro\/wp-json\/wp\/v2\/comments?post=153369"}],"version-history":[{"count":0,"href":"https:\/\/cyclingpro.net\/velopro\/wp-json\/wp\/v2\/posts\/153369\/revisions"}],"wp:featuredmedia":[{"embeddable":true,"href":"https:\/\/cyclingpro.net\/velopro\/wp-json\/wp\/v2\/media\/153368"}],"wp:attachment":[{"href":"https:\/\/cyclingpro.net\/velopro\/wp-json\/wp\/v2\/media?parent=153369"}],"wp:term":[{"taxonomy":"category","embeddable":true,"href":"https:\/\/cyclingpro.net\/velopro\/wp-json\/wp\/v2\/categories?post=153369"},{"taxonomy":"post_tag","embeddable":true,"href":"https:\/\/cyclingpro.net\/velopro\/wp-json\/wp\/v2\/tags?post=153369"}],"curies":[{"name":"wp","href":"https:\/\/api.w.org\/{rel}","templated":true}]}}