{"id":152873,"date":"2025-04-19T14:53:58","date_gmt":"2025-04-19T12:53:58","guid":{"rendered":"https:\/\/cyclingpro.net\/velopro\/uncategorized\/vismalease-at-bike-des-doutes-sur-le-sprint-manque-de-wout-van-aert-peut-etre-quils-lont-entraine-pour-ameliorer-la-capacite-aerobique-penalisant-le-sprint\/"},"modified":"2025-04-19T14:53:58","modified_gmt":"2025-04-19T12:53:58","slug":"vismalease-at-bike-des-doutes-sur-le-sprint-manque-de-wout-van-aert-peut-etre-quils-lont-entraine-pour-ameliorer-la-capacite-aerobique-penalisant-le-sprint","status":"publish","type":"post","link":"https:\/\/cyclingpro.net\/velopro\/autre\/vismalease-at-bike-des-doutes-sur-le-sprint-manque-de-wout-van-aert-peut-etre-quils-lont-entraine-pour-ameliorer-la-capacite-aerobique-penalisant-le-sprint\/","title":{"rendered":"Visma|Lease at Bike, des doutes sur le sprint manqu\u00e9 de Wout van Aert : \u00ab\u00a0Peut-\u00eatre qu&rsquo;ils l&rsquo;ont entra\u00een\u00e9 pour am\u00e9liorer la capacit\u00e9 a\u00e9robique, p\u00e9nalisant le sprint\u00a0\u00bb."},"content":{"rendered":"<p><strong>Wout van Aert<\/strong> est un coureur qui a gagn\u00e9 des sprints massifs, m\u00eame dans des championnats du monde comme le <strong>Tour de France<\/strong>, \u00e0 tel point qu&rsquo;il a m\u00eame triomph\u00e9 dans le dernier acte de la Grande Boucle, sur les Champs-\u00c9lys\u00e9es, lors de l&rsquo;\u00e9dition 2021. Mais sans remonter trop loin dans le temps, il y a quelques mois, le Belge alignait deux victoires au sprint lors de la <strong>Vuelta a Espa\u00f1a 2024,<\/strong> <a href=\"https:\/\/cyclingpro.net\/spaziociclismo\/sintesi-gare\/vuelta-a-espana-2024-volata-perfetta-di-wout-van-aert\/\" target=\"_blank\" rel=\"noopener\">laissant derri\u00e8re lui des sp\u00e9cialistes de premier plan comme Kaden Groves.<\/a> Aujourd&rsquo;hui, au printemps 2025, tout semble avoir chang\u00e9. Van Aert a perdu un d\u00e9fi au sprint face \u00e0 Neilson Powless lors des <strong>Dwars door Vlaanderen<\/strong> et l&rsquo;issue, moqueuse pour lui, s&rsquo;est r\u00e9p\u00e9t\u00e9e dans l&rsquo;\u00e9pilogue de la <strong>Fl\u00e8che du Brabant<\/strong>, <a href=\"https:\/\/cyclingpro.net\/spaziociclismo\/continental\/freccia-del-brabante-2025\/\" target=\"_blank\" rel=\"noopener\">o\u00f9 il a succomb\u00e9, sans m\u00eame l&rsquo;avoir beaucoup g\u00ean\u00e9, \u00e0 Remco Evenepoel. <\/a><\/p>\n<p>Apr\u00e8s avoir soulign\u00e9 ce qui est n\u00e9cessaire, \u00e0 savoir que les r\u00e9sultats de Van Aert ce printemps sont tout simplement excellents (outre les deux deuxi\u00e8mes places mentionn\u00e9es ci-dessus, il y a \u00e9galement des quatri\u00e8mes places au <strong>Tour des Flandres<\/strong> et \u00e0 <strong>Paris-Roubaix<\/strong>), il est in\u00e9vitable de se demander ce qui se cache derri\u00e8re ce sprint rapide qui \u00e9tait l\u00e0, et comment, et qui semble \u00e0 pr\u00e9sent avoir disparu. Les sp\u00e9culations ne manquent pas : le genou bless\u00e9 \u00e0 la Vuelta n&rsquo;est toujours pas au mieux, la condition n&rsquo;est pas celle des meilleurs moments, l&rsquo;\u00e2ge avance et ainsi de suite&#8230;<\/p>\n<p>En Belgique, on tente de d\u00e9placer l&rsquo;attention sur ce qui pourrait \u00eatre des choix faits, en concertation avec l&rsquo;\u00e9quipe, en mati\u00e8re d&rsquo;entra\u00eenement : \u00ab\u00a0Je pense que des choix ont \u00e9t\u00e9 faits en amont, peut-\u00eatre lors des stages en montagne \u00e0 Tenerife &#8211; les propos de l&rsquo;ancien coureur <strong>Jan Bakelants<\/strong> rapport\u00e9s par <em><a href=\"https:\/\/sporza.be\/nl\/2025\/04\/18\/-verlies-van-een-luxe-voor-wout-van-aert-en-extra-troef-voor-remco-evenepoel-de-conclusies-van-karl-en-jan-uit-de-sprint-a-deux~1744990740687\/\" target=\"_blank\" rel=\"noopener\">Sporza<\/a><\/em> &#8211; Je pense qu&rsquo;ils voulaient concentrer l&rsquo;entra\u00eenement sur le VLaMax (d\u00e9finissable, en termes scientifiques, comme la puissance ana\u00e9robie maximale qui peut \u00eatre exprim\u00e9e par un athl\u00e8te &#8211; <em>ndr<\/em>) <strong>et en particulier de maintenir ce seuil aussi bas que possible, de mani\u00e8re \u00e0 favoriser les efforts prolong\u00e9s\u00a0\u00bb.<\/Qui sait donc si, \u00e0 l'origine de ces sprints qui ne sont plus brillants, il n'y a pas un objectif particulier, bien diff\u00e9rent du sprint...\n\nAinsi, au vu des r\u00e9centes \"d\u00e9faites\" de Van Aert, on pourrait penser que le Belge n'est plus ce qu'il \u00e9tait : \"<strong>Mais il ne faut pas oublier que les chiffres nous disent qu&rsquo;aujourd&rsquo;hui, Wout lib\u00e8re encore plus de puissance sur la route que par le pass\u00e9. <strong>Il faut dire que le niveau s&rsquo;est beaucoup \u00e9lev\u00e9 ces derniers temps, Van Aert est toujours tr\u00e8s fort, poursuit Bakelants, bien s\u00fbr, dans les sprints, il est moins fort qu&rsquo;avant et il faut consid\u00e9rer que la satisfaction de gagner une course de sprint n&rsquo;a pas de prix. Il semble vraiment avoir perdu cette capacit\u00e9\u00a0\u00bb.<\/p>\n","protected":false},"excerpt":{"rendered":"<p>Wout van Aert est un coureur qui a gagn\u00e9 des sprints massifs, m\u00eame dans des championnats du monde comme le Tour de France, \u00e0 tel point qu&rsquo;il a m\u00eame triomph\u00e9 dans le dernier acte de la Grande Boucle, sur les Champs-\u00c9lys\u00e9es, lors de l&rsquo;\u00e9dition 2021. Mais sans remonter trop loin dans le temps, il y &hellip;<\/p>\n","protected":false},"author":20,"featured_media":152872,"comment_status":"open","ping_status":"open","sticky":false,"template":"","format":"standard","meta":{"footnotes":""},"categories":[3],"tags":[],"class_list":["post-152873","post","type-post","status-publish","format-standard","has-post-thumbnail","hentry","category-autre"],"_links":{"self":[{"href":"https:\/\/cyclingpro.net\/velopro\/wp-json\/wp\/v2\/posts\/152873","targetHints":{"allow":["GET"]}}],"collection":[{"href":"https:\/\/cyclingpro.net\/velopro\/wp-json\/wp\/v2\/posts"}],"about":[{"href":"https:\/\/cyclingpro.net\/velopro\/wp-json\/wp\/v2\/types\/post"}],"author":[{"embeddable":true,"href":"https:\/\/cyclingpro.net\/velopro\/wp-json\/wp\/v2\/users\/20"}],"replies":[{"embeddable":true,"href":"https:\/\/cyclingpro.net\/velopro\/wp-json\/wp\/v2\/comments?post=152873"}],"version-history":[{"count":0,"href":"https:\/\/cyclingpro.net\/velopro\/wp-json\/wp\/v2\/posts\/152873\/revisions"}],"wp:featuredmedia":[{"embeddable":true,"href":"https:\/\/cyclingpro.net\/velopro\/wp-json\/wp\/v2\/media\/152872"}],"wp:attachment":[{"href":"https:\/\/cyclingpro.net\/velopro\/wp-json\/wp\/v2\/media?parent=152873"}],"wp:term":[{"taxonomy":"category","embeddable":true,"href":"https:\/\/cyclingpro.net\/velopro\/wp-json\/wp\/v2\/categories?post=152873"},{"taxonomy":"post_tag","embeddable":true,"href":"https:\/\/cyclingpro.net\/velopro\/wp-json\/wp\/v2\/tags?post=152873"}],"curies":[{"name":"wp","href":"https:\/\/api.w.org\/{rel}","templated":true}]}}