{"id":14602,"date":"2017-04-16T19:07:26","date_gmt":"2017-04-16T17:07:26","guid":{"rendered":"http:\/\/cyclingpro.net\/velopro\/?p=14602"},"modified":"2017-04-16T19:10:35","modified_gmt":"2017-04-16T17:10:35","slug":"tiesj-benoot-elimine-saut-de-chaine-cest-dommage","status":"publish","type":"post","link":"https:\/\/cyclingpro.net\/velopro\/news-niveau-2\/tiesj-benoot-elimine-saut-de-chaine-cest-dommage\/","title":{"rendered":"Tiesj Benoot \u00e9limin\u00e9 sur un saut de cha\u00eene : \u00ab\u00a0C\u2019est dommage\u2026\u00a0\u00bb"},"content":{"rendered":"<p style=\"text-align: justify;\">Apr\u00e8s une campagne flandrienne en-de\u00e7\u00e0 de ses capacit\u00e9s,\u00a0incluant aussi un abandon malheureux sur le Tour des Flandres, Tiesj Benoot avait \u00e0 coeur de se montrer \u00e0 son avantage avant d&rsquo;observer une coupure. Il s&rsquo;\u00e9tait d\u00e9j\u00e0 mis en \u00e9vidence sur la Fl\u00e8che Braban\u00e7onne mercredi en prenant la troisi\u00e8me place, s&rsquo;annon\u00e7ant comme un homme \u00e0 suivre en vue de l&rsquo;Amstel Gold Race. Ca n&rsquo;a pas manqu\u00e9. Le coureur de la Lotto-Soudal, malgr\u00e9 une chute\u00a0\u00e0 la mi-course, a \u00e9t\u00e9 l&rsquo;initiateur du bon coup, parti dans le Kruisberg \u00e0 quarante kilom\u00e8tres de l&rsquo;arriv\u00e9e. Bien au chaud au sein de ce groupe qui comprenait Philippe Gilbert (Quick Step Floors), Michael Albasini (Orica-Scott) et d&rsquo;autres, Benoot a toutefois \u00e9t\u00e9 victime, quelques minutes plus tard, d&rsquo;un saut de cha\u00eene qui a condamn\u00e9 sa place \u00e0 l&rsquo;avant. Comme le reste du peloton, \u00e0 l&rsquo;exception de Michal Kwiatkowski (Team Sky), il n&rsquo;a pu ensuite refaire son apparition en t\u00eate.\u00a0Naturellement, la frustration primait chez le jeune Flamand \u00e0 l&rsquo;arriv\u00e9e, qui pestait contre son manque de chance.<\/p>\n<p><span class=\"2sev4BfqQFCgyIpJrLOnYltbMKE9dk7jhTWmGAXRDaxzSViHcZuw1683oUP5\"><iframe loading=\"lazy\" title=\"Tiesj Benoot - Interview d&#039;apr\u00e8s course - Amstel Gold Race 2017\" width=\"500\" height=\"281\" src=\"https:\/\/www.youtube.com\/embed\/NCakV8iQ7W8?feature=oembed\" frameborder=\"0\" allow=\"accelerometer; autoplay; clipboard-write; encrypted-media; gyroscope; picture-in-picture; web-share\" referrerpolicy=\"strict-origin-when-cross-origin\" allowfullscreen><\/iframe><\/span><\/p>\n<p style=\"text-align: justify;\">\n","protected":false},"excerpt":{"rendered":"<p>Apr\u00e8s une campagne flandrienne en-de\u00e7\u00e0 de ses capacit\u00e9s,\u00a0incluant aussi un abandon malheureux sur le Tour des Flandres, Tiesj Benoot avait \u00e0 coeur de se montrer \u00e0 son avantage avant d&rsquo;observer une coupure. Il s&rsquo;\u00e9tait d\u00e9j\u00e0 mis en \u00e9vidence sur la Fl\u00e8che Braban\u00e7onne mercredi en prenant la troisi\u00e8me place, s&rsquo;annon\u00e7ant comme un homme \u00e0 suivre en &hellip;<\/p>\n","protected":false},"author":5,"featured_media":14604,"comment_status":"open","ping_status":"open","sticky":false,"template":"","format":"standard","meta":{"footnotes":""},"categories":[11,44,15,18],"tags":[],"class_list":["post-14602","post","type-post","status-publish","format-standard","has-post-thumbnail","hentry","category-news-niveau-2","category-amstel-gold-race","category-route","category-videos"],"_links":{"self":[{"href":"https:\/\/cyclingpro.net\/velopro\/wp-json\/wp\/v2\/posts\/14602","targetHints":{"allow":["GET"]}}],"collection":[{"href":"https:\/\/cyclingpro.net\/velopro\/wp-json\/wp\/v2\/posts"}],"about":[{"href":"https:\/\/cyclingpro.net\/velopro\/wp-json\/wp\/v2\/types\/post"}],"author":[{"embeddable":true,"href":"https:\/\/cyclingpro.net\/velopro\/wp-json\/wp\/v2\/users\/5"}],"replies":[{"embeddable":true,"href":"https:\/\/cyclingpro.net\/velopro\/wp-json\/wp\/v2\/comments?post=14602"}],"version-history":[{"count":0,"href":"https:\/\/cyclingpro.net\/velopro\/wp-json\/wp\/v2\/posts\/14602\/revisions"}],"wp:featuredmedia":[{"embeddable":true,"href":"https:\/\/cyclingpro.net\/velopro\/wp-json\/wp\/v2\/media\/14604"}],"wp:attachment":[{"href":"https:\/\/cyclingpro.net\/velopro\/wp-json\/wp\/v2\/media?parent=14602"}],"wp:term":[{"taxonomy":"category","embeddable":true,"href":"https:\/\/cyclingpro.net\/velopro\/wp-json\/wp\/v2\/categories?post=14602"},{"taxonomy":"post_tag","embeddable":true,"href":"https:\/\/cyclingpro.net\/velopro\/wp-json\/wp\/v2\/tags?post=14602"}],"curies":[{"name":"wp","href":"https:\/\/api.w.org\/{rel}","templated":true}]}}