{"id":145672,"date":"2020-02-16T18:07:20","date_gmt":"2020-02-16T17:07:20","guid":{"rendered":"https:\/\/cyclingpro.net\/velopro\/?p=145672"},"modified":"2020-02-16T19:06:01","modified_gmt":"2020-02-16T18:06:01","slug":"clasica-de-almeria-pascal-ackermann-conserve-son-titre","status":"publish","type":"post","link":"https:\/\/cyclingpro.net\/velopro\/course\/clasica-de-almeria\/clasica-de-almeria-pascal-ackermann-conserve-son-titre\/","title":{"rendered":"Cl\u00e1sica de Almer\u00eda : Pascal Ackermann conserve son titre"},"content":{"rendered":"<p style=\"text-align: justify;\"><em>La 35e \u00e9dition de la\u00a0Cl\u00e1sica de Almer\u00eda se d\u00e9roulait ce dimanche, sur 187,6 kilom\u00e8tres avec d\u00e9part et arriv\u00e9e \u00e0 Roquetas de Mar. Si une \u00e9chapp\u00e9e de cinq hommes a pu animer la course, c&rsquo;est sans surprise sur un sprint massif que s&rsquo;est jou\u00e9e l&rsquo;\u00e9preuve. Favori et tenant du titre, Pascal Ackermann a r\u00e9pondu pr\u00e9sent. Premier \u00e0 lancer son effort, l&rsquo;Allemand a tenu Alexander Kristoff et Elia Viviani en respect jusqu&rsquo;\u00e0 la ligne. Il signe l\u00e0 sa premi\u00e8re victoire en 2020 apr\u00e8s \u00eatre arriv\u00e9 deux fois deuxi\u00e8me sur le Challenge de Majorque.\u00a0<\/em><\/p>\n<p style=\"text-align: justify;\">Sous la grisaille, 138 coureurs se lancent de Roquetas de Mar \u00e0 vive allure. Les attaques se succ\u00e8dent en vain durant les dix premiers kilom\u00e8tres avant qu&rsquo;un groupe de cinq ne re\u00e7oive la b\u00e9n\u00e9diction du peloton.\u00a0Joan Bou (Fundacion Orbea), Ricardo Vilela (Burgos-BH), Sergio Roman Martin (Caja Rural Seguros RGA), Rasmus Quaade (Riwal Readynez) et Daniel Viegas (Kometa) ouvrent alors la route de la course d&rsquo;un jour espagnole. Les animateurs prennent rapidement 2&rsquo;30\u00a0\u00bb d&rsquo;avance avant que les \u00e9quipes de sprinteurs ne viennent rouler en t\u00eate de peloton.<\/p>\n<p style=\"text-align: justify;\">Les Cofidis d&rsquo;Elia Viviani sont les premiers \u00e0 s&rsquo;installer aux commandes. Les co\u00e9quipiers de Pascal Ackermann (Bora-hansgrohe) les imitent rapidement et viennent garnir l&rsquo;avant du peloton. Les deux formations se contentent de maintenir l&rsquo;\u00e9cart avant de recevoir le soutien des UAE-Team Emirates d&rsquo;Alexander Kristoff au pied de l&rsquo;Alto de Dalias (2e cat.), la premi\u00e8re difficult\u00e9 du jour, au km52. L&rsquo;\u00e9chapp\u00e9e l&rsquo;aborde avec trois minutes d&rsquo;avance et la termine avec 3&rsquo;30\u00a0\u00bb de marge sur le peloton, Joan Bou passant le sommet en t\u00eate.<\/p>\n<p style=\"text-align: justify;\">En fait, ce sc\u00e9nario se reproduira lors des trois autres difficult\u00e9s r\u00e9pertori\u00e9es au classement de la montagne : \u00e0 chaque fois, le peloton se rapproche sur le plat avant de ralentir dans la mont\u00e9e. Pass\u00e9 en t\u00eate au sommet de la premi\u00e8re ascension, Bou r\u00e9cidive au sommet de l&rsquo;Alto de la Alqueria (3e cat.), l&rsquo;Alto de Fuente Marbella (3e cat.) et la Cuesta de Almerimar (4e cat.). Le jeune coureur espagnol s&rsquo;assure le titre de meilleur grimpeur avant le retour pr\u00e9cipit\u00e9 du peloton, \u00e0 cinquante unit\u00e9s du but.<\/p>\n<p style=\"text-align: justify;\">C&rsquo;est alors un peloton group\u00e9 qui aborde le dernier quart de l&rsquo;\u00e9preuve en t\u00eate. L&rsquo;allure est soutenue, les \u00e9quipiers de sprinteurs semblent tendus \u00e0 l&rsquo;id\u00e9e de longer la mer pour revenir \u00e0 Roquetas de Mar. A 40 kilom\u00e8tres du but, une chute intervient en queue de peloton et envoie une dizaine d&rsquo;hommes au sol. Aucun des favoris n&rsquo;est impliqu\u00e9, mais deux \u00e9quipiers de Pascal Ackermann sont retard\u00e9s. Le rythme se r\u00e9duit alors d&rsquo;un coup et de nouvelles \u00e9quipes pointent le bout de leurs nez en t\u00eate du groupe, \u00e0 l&rsquo;instar de B&amp;B Hotels-Vital Concept, AG2R-La Mondiale, Mitchelton-Scott ou encore Astana.<\/p>\n<p style=\"text-align: justify;\">Le peloton passe alors une premi\u00e8re fois la ligne d&rsquo;arriv\u00e9e \u00e0 un rythme mod\u00e9r\u00e9, sous l&rsquo;impulsion de l&rsquo;\u00e9quipe kazakhe. Reste alors deux boucles urbaines : la premi\u00e8re est longue de 20 kilom\u00e8tres, la seconde de 6 kilom\u00e8tres. Le peloton parcourt la premi\u00e8re \u00e0 un rythme peu soutenu, les coureurs formant une boule sur la large chauss\u00e9e qui les ram\u00e8ne vers l&rsquo;arriv\u00e9e. Il faut alors attendre les quinze derniers kilom\u00e8tres pour revoir les Bora-hansgrohe venir durcir l&rsquo;allure en t\u00eate de peloton. Le groupe acc\u00e9l\u00e8re progressivement jusqu&rsquo;au dernier passage de la ligne.<\/p>\n<p style=\"text-align: justify;\">L&rsquo;allure est enfin soutenue dans l&rsquo;ultime circuit urbain ; le peloton s&rsquo;\u00e9tire alors en file indienne sous l&rsquo;impulsion des \u00e9quipes Israel Start Up Nation et Mitchelton-Scott. Sous la flamme rouge, les Bora-hansgrohe reviennent aux commandes et emm\u00e8nent parfaitement l&#8217;emballage pour Ackermann. Le tenant du titre ne d\u00e9\u00e7oit pas et s&rsquo;impose, en lan\u00e7ant son effort en premier, devant Alexander Kristoff et Elia Viviani. En retrait, Danny van Poppel (Circus-Wanty Gobert) vient \u00e9chouer au pied du podium. Luka Mezgec (Mitchelton-Scott) compl\u00e8te le top 5.<\/p>\n<p><strong>Le top 10 de la\u00a0Cl\u00e1sica de Almer\u00eda :\u00a0<\/strong><br \/>\n1. Pascal Ackermann (Bora-hansgrohe) en 4h24&rsquo;04\u00a0\u00bb<br \/>\n2. Alexander Kristoff (UAE-Team Emirates) t.m.t.<br \/>\n3. Elia Viviani (Cofidis)<br \/>\n4. Danny van Poppel (Circus-Wanty Gobert)<br \/>\n5.\u00a0Luka Mezgec (Mitchelton-Scott)<br \/>\n6. Amaury Capiot (Sport Vlaanderen-Baloise)<br \/>\n7. Cl\u00e9ment Venturini (AG2R-La Mondiale)<br \/>\n8. Rudy Barbier (Israel Start-Up Nation)<br \/>\n9. Juan Jos\u00e9 Lobato (Fundacion-Orbea)<br \/>\n10. Thomas Boudat (Ark\u00e9a-Samsic)<\/p>\n","protected":false},"excerpt":{"rendered":"<p>La 35e \u00e9dition de la\u00a0Cl\u00e1sica de Almer\u00eda se d\u00e9roulait ce dimanche, sur 187,6 kilom\u00e8tres avec d\u00e9part et arriv\u00e9e \u00e0 Roquetas de Mar. Si une \u00e9chapp\u00e9e de cinq hommes a pu animer la course, c&rsquo;est sans surprise sur un sprint massif que s&rsquo;est jou\u00e9e l&rsquo;\u00e9preuve. Favori et tenant du titre, Pascal Ackermann a r\u00e9pondu pr\u00e9sent. Premier &hellip;<\/p>\n","protected":false},"author":15,"featured_media":145726,"comment_status":"open","ping_status":"open","sticky":false,"template":"","format":"standard","meta":{"footnotes":""},"categories":[27,17,30,14,15,28],"tags":[],"class_list":["post-145672","post","type-post","status-publish","format-standard","has-post-thumbnail","hentry","category-gros-bloc","category-une","category-clasica-de-almeria","category-resultats","category-route","category-course"],"_links":{"self":[{"href":"https:\/\/cyclingpro.net\/velopro\/wp-json\/wp\/v2\/posts\/145672","targetHints":{"allow":["GET"]}}],"collection":[{"href":"https:\/\/cyclingpro.net\/velopro\/wp-json\/wp\/v2\/posts"}],"about":[{"href":"https:\/\/cyclingpro.net\/velopro\/wp-json\/wp\/v2\/types\/post"}],"author":[{"embeddable":true,"href":"https:\/\/cyclingpro.net\/velopro\/wp-json\/wp\/v2\/users\/15"}],"replies":[{"embeddable":true,"href":"https:\/\/cyclingpro.net\/velopro\/wp-json\/wp\/v2\/comments?post=145672"}],"version-history":[{"count":7,"href":"https:\/\/cyclingpro.net\/velopro\/wp-json\/wp\/v2\/posts\/145672\/revisions"}],"predecessor-version":[{"id":145725,"href":"https:\/\/cyclingpro.net\/velopro\/wp-json\/wp\/v2\/posts\/145672\/revisions\/145725"}],"wp:featuredmedia":[{"embeddable":true,"href":"https:\/\/cyclingpro.net\/velopro\/wp-json\/wp\/v2\/media\/145726"}],"wp:attachment":[{"href":"https:\/\/cyclingpro.net\/velopro\/wp-json\/wp\/v2\/media?parent=145672"}],"wp:term":[{"taxonomy":"category","embeddable":true,"href":"https:\/\/cyclingpro.net\/velopro\/wp-json\/wp\/v2\/categories?post=145672"},{"taxonomy":"post_tag","embeddable":true,"href":"https:\/\/cyclingpro.net\/velopro\/wp-json\/wp\/v2\/tags?post=145672"}],"curies":[{"name":"wp","href":"https:\/\/api.w.org\/{rel}","templated":true}]}}