{"id":145328,"date":"2019-10-28T14:28:30","date_gmt":"2019-10-28T13:28:30","guid":{"rendered":"https:\/\/cyclingpro.net\/velopro\/?p=145328"},"modified":"2019-10-28T14:28:30","modified_gmt":"2019-10-28T13:28:30","slug":"toi-toi-cup-4-slany-vincent-baestaens-lemporte-steve-chainel-quatrieme","status":"publish","type":"post","link":"https:\/\/cyclingpro.net\/velopro\/cyclocross\/toi-toi-cup-4-slany-vincent-baestaens-lemporte-steve-chainel-quatrieme\/","title":{"rendered":"Toi Toi Cup #4 &#8211; Slany : Vincent Baestaens l&#8217;emporte, Steve Chainel quatri\u00e8me"},"content":{"rendered":"<p style=\"text-align: justify;\">La quatri\u00e8me manche de la Toi Toi Cup se d\u00e9roulait ce lundi \u00e0 Slany, en R\u00e9publique Tch\u00e8que. Le Belge Vincent Baestaens s&rsquo;y est impos\u00e9 d&rsquo;une seconde devant le local Michael Boros. L\u00e9g\u00e8rement d\u00e9croch\u00e9, le Suisse Marcel Wildhaber est all\u00e9 chercher la derni\u00e8re marche du podium. Le Fran\u00e7ais Steve Chainel devait alors se contenter de la quatri\u00e8me place, devant le Belge Lander Loockx.<\/p>\n","protected":false},"excerpt":{"rendered":"<p>La quatri\u00e8me manche de la Toi Toi Cup se d\u00e9roulait ce lundi \u00e0 Slany, en R\u00e9publique Tch\u00e8que. Le Belge Vincent Baestaens s&rsquo;y est impos\u00e9 d&rsquo;une seconde devant le local Michael Boros. L\u00e9g\u00e8rement d\u00e9croch\u00e9, le Suisse Marcel Wildhaber est all\u00e9 chercher la derni\u00e8re marche du podium. Le Fran\u00e7ais Steve Chainel devait alors se contenter de la &hellip;<\/p>\n","protected":false},"author":15,"featured_media":0,"comment_status":"open","ping_status":"open","sticky":false,"template":"","format":"standard","meta":{"footnotes":""},"categories":[12,5,14],"tags":[],"class_list":["post-145328","post","type-post","status-publish","format-standard","hentry","category-non-classe","category-cyclocross","category-resultats"],"_links":{"self":[{"href":"https:\/\/cyclingpro.net\/velopro\/wp-json\/wp\/v2\/posts\/145328","targetHints":{"allow":["GET"]}}],"collection":[{"href":"https:\/\/cyclingpro.net\/velopro\/wp-json\/wp\/v2\/posts"}],"about":[{"href":"https:\/\/cyclingpro.net\/velopro\/wp-json\/wp\/v2\/types\/post"}],"author":[{"embeddable":true,"href":"https:\/\/cyclingpro.net\/velopro\/wp-json\/wp\/v2\/users\/15"}],"replies":[{"embeddable":true,"href":"https:\/\/cyclingpro.net\/velopro\/wp-json\/wp\/v2\/comments?post=145328"}],"version-history":[{"count":2,"href":"https:\/\/cyclingpro.net\/velopro\/wp-json\/wp\/v2\/posts\/145328\/revisions"}],"predecessor-version":[{"id":145330,"href":"https:\/\/cyclingpro.net\/velopro\/wp-json\/wp\/v2\/posts\/145328\/revisions\/145330"}],"wp:attachment":[{"href":"https:\/\/cyclingpro.net\/velopro\/wp-json\/wp\/v2\/media?parent=145328"}],"wp:term":[{"taxonomy":"category","embeddable":true,"href":"https:\/\/cyclingpro.net\/velopro\/wp-json\/wp\/v2\/categories?post=145328"},{"taxonomy":"post_tag","embeddable":true,"href":"https:\/\/cyclingpro.net\/velopro\/wp-json\/wp\/v2\/tags?post=145328"}],"curies":[{"name":"wp","href":"https:\/\/api.w.org\/{rel}","templated":true}]}}