{"id":145307,"date":"2019-10-28T12:50:41","date_gmt":"2019-10-28T11:50:41","guid":{"rendered":"https:\/\/cyclingpro.net\/velopro\/?p=145307"},"modified":"2019-10-30T11:34:40","modified_gmt":"2019-10-30T10:34:40","slug":"chris-froome-pas-garanti-que-je-puisse-retrouver-mon-niveau","status":"publish","type":"post","link":"https:\/\/cyclingpro.net\/velopro\/course\/tour-de-france\/chris-froome-pas-garanti-que-je-puisse-retrouver-mon-niveau\/","title":{"rendered":"Chris Froome : \u00ab Pas garanti que je puisse retrouver mon niveau \u00bb"},"content":{"rendered":"<p style=\"text-align: justify;\">A une semaine de se faire retirer les plaques pos\u00e9es lors de sa premi\u00e8re op\u00e9ration, apr\u00e8s sa lourde chute du mois de juin, Chris Froome fait le point. Le Britannique s&rsquo;est confi\u00e9 aupr\u00e8s de <em><span style=\"text-decoration: underline;\"><a href=\"https:\/\/www.cyclingnews.com\/news\/chris-froome-theres-no-guarantee-ill-return-to-my-former-level\/\">Cyclingnews<\/a><\/span><\/em>, en marge du Crit\u00e9rium de Saitama. Il esp\u00e8re recourir en comp\u00e9tition en f\u00e9vrier, et vise un cinqui\u00e8me sacre sur le Tour de France. Le leader traditionnel d&rsquo;Ineos r\u00eave d&rsquo;encha\u00eener ensuite sur l&rsquo;\u00e9preuve en ligne des JO, dont <span style=\"text-decoration: underline;\"><a href=\"https:\/\/cyclingpro.net\/velopro\/course\/jeux-olympiques-2020\/tokyo-2020-froome-fuglsang-et-bardet-en-reconnaissance\/\">il a reconnu le parcours la semaine pass\u00e9e<\/a><\/span>.<\/p>\n<p style=\"text-align: justify;\">\u00ab <em>Pour l&rsquo;instant, je suis plus \u00e0 l&rsquo;aise sur le v\u00e9lo qu&rsquo;\u00e0 pied<\/em>, note d&#8217;embl\u00e9e un Froome toujours boitillant. <em>La plaque que j&rsquo;ai \u00e0 la hanche me fait boiter. Cela emprisonne plusieurs tendons et m&#8217;emp\u00eache d&rsquo;exercer de la pression. Apr\u00e8s cette nouvelle op\u00e9ration, j&rsquo;aurais encore besoin de plusieurs semaines. J&rsquo;esp\u00e8re pouvoir reprendre un entra\u00eenement normal en d\u00e9cembre, et monter en condition \u00e0 partir de l\u00e0.<\/em> \u00bb<\/p>\n<h6 class=\"post-box-title\"><strong><a href=\"https:\/\/cyclingpro.net\/velopro\/worldtour\/ineos-dave-brailsford-repartira-les-roles-vers-la-mi-novembre\/\">Lire aussi &gt; Ineos : Dave Brailsford r\u00e9partira les r\u00f4les \u00ab vers la mi-novembre \u00bb<\/a><\/strong><\/h6>\n<p style=\"text-align: justify;\">A 34 ans, Froome reste guid\u00e9 par le r\u00eave de conqu\u00e9rir un nouveau Tour de France et ainsi d&rsquo;inscrire son nom dans \u00ab\u00a0le club des cinq\u00a0\u00bb.\u00a0\u00ab <em>Il n&rsquo;y a pas de garanties dans le sport, ni dans la vie en g\u00e9n\u00e9ral, face \u00e0 ce type d&rsquo;\u00e9preuve<\/em><em>. Si j&rsquo;arrive \u00e0 revenir en f\u00e9vrier, je ne sais pas \u00e0 quel niveau je serai<\/em>, conc\u00e8de le Britannique, toujours pour Cyclingnews. <em>J&rsquo;esp\u00e8re qu&rsquo;en quatre mois, je pourrai arriver sur le Tour de France dans ma forme normale. C&rsquo;est mon but. Tant que je n&rsquo;ai pas de raisons qui me prouvent que c&rsquo;est impossible, j&rsquo;en fais mon objectif.<\/em>\u00a0<em>C&rsquo;est ce qui me motive. Apr\u00e8s il y a aussi les JO, sur un parcours tr\u00e8s exigeant. Cette saison a beaucoup \u00e0 offrir.<\/em> \u00bb<\/p>\n<p style=\"text-align: justify;\">Finalement interrog\u00e9 sur la possibilit\u00e9 de ne jamais retrouver le niveau qui l&rsquo;a conduit au gain des trois Grands Tours, Froome esp\u00e9rait bien d\u00e9jouer les pronostics. Tout en laissant deviner une certaine inqui\u00e9tude.\u00a0\u00ab <em>D\u00e8s qu&rsquo;on m&rsquo;a dit que je pourrai recourir, je me suis pos\u00e9 la question. C&rsquo;est une chose de pouvoir courir, c&rsquo;en est une autre d&rsquo;essayer de remporter le Tour de France. Cela reste \u00e0 d\u00e9montrer. Comme je l&rsquo;ai dit, il n&rsquo;y a aucune garantie. Tout ce que je sais, c&rsquo;est que je ferai tout pour y arriver, que je donnerai tout.<\/em> \u00bb<\/p>\n","protected":false},"excerpt":{"rendered":"<p>A une semaine de se faire retirer les plaques pos\u00e9es lors de sa premi\u00e8re op\u00e9ration, apr\u00e8s sa lourde chute du mois de juin, Chris Froome fait le point. Le Britannique s&rsquo;est confi\u00e9 aupr\u00e8s de Cyclingnews, en marge du Crit\u00e9rium de Saitama. Il esp\u00e8re recourir en comp\u00e9tition en f\u00e9vrier, et vise un cinqui\u00e8me sacre sur le &hellip;<\/p>\n","protected":false},"author":15,"featured_media":132420,"comment_status":"open","ping_status":"open","sticky":false,"template":"","format":"standard","meta":{"footnotes":""},"categories":[27,17,8,15,39,19],"tags":[],"class_list":["post-145307","post","type-post","status-publish","format-standard","has-post-thumbnail","hentry","category-gros-bloc","category-une","category-interviews","category-route","category-tour-de-france","category-worldtour"],"_links":{"self":[{"href":"https:\/\/cyclingpro.net\/velopro\/wp-json\/wp\/v2\/posts\/145307","targetHints":{"allow":["GET"]}}],"collection":[{"href":"https:\/\/cyclingpro.net\/velopro\/wp-json\/wp\/v2\/posts"}],"about":[{"href":"https:\/\/cyclingpro.net\/velopro\/wp-json\/wp\/v2\/types\/post"}],"author":[{"embeddable":true,"href":"https:\/\/cyclingpro.net\/velopro\/wp-json\/wp\/v2\/users\/15"}],"replies":[{"embeddable":true,"href":"https:\/\/cyclingpro.net\/velopro\/wp-json\/wp\/v2\/comments?post=145307"}],"version-history":[{"count":4,"href":"https:\/\/cyclingpro.net\/velopro\/wp-json\/wp\/v2\/posts\/145307\/revisions"}],"predecessor-version":[{"id":145324,"href":"https:\/\/cyclingpro.net\/velopro\/wp-json\/wp\/v2\/posts\/145307\/revisions\/145324"}],"wp:featuredmedia":[{"embeddable":true,"href":"https:\/\/cyclingpro.net\/velopro\/wp-json\/wp\/v2\/media\/132420"}],"wp:attachment":[{"href":"https:\/\/cyclingpro.net\/velopro\/wp-json\/wp\/v2\/media?parent=145307"}],"wp:term":[{"taxonomy":"category","embeddable":true,"href":"https:\/\/cyclingpro.net\/velopro\/wp-json\/wp\/v2\/categories?post=145307"},{"taxonomy":"post_tag","embeddable":true,"href":"https:\/\/cyclingpro.net\/velopro\/wp-json\/wp\/v2\/tags?post=145307"}],"curies":[{"name":"wp","href":"https:\/\/api.w.org\/{rel}","templated":true}]}}