{"id":145287,"date":"2019-10-27T20:29:53","date_gmt":"2019-10-27T19:29:53","guid":{"rendered":"https:\/\/cyclingpro.net\/velopro\/?p=145287"},"modified":"2019-10-27T20:32:27","modified_gmt":"2019-10-27T19:32:27","slug":"romain-bardet-va-faire-du-cyclo-cross-en-novembre-pour-regagner-le-punch-perdu","status":"publish","type":"post","link":"https:\/\/cyclingpro.net\/velopro\/route\/romain-bardet-va-faire-du-cyclo-cross-en-novembre-pour-regagner-le-punch-perdu\/","title":{"rendered":"Romain Bardet va faire du cyclo-cross en novembre pour regagner le punch perdu"},"content":{"rendered":"<p style=\"text-align: justify;\">On ne sait pas encore si Romain Bardet va finalement prendre part au premier Giro de sa carri\u00e8re en 2020 mais le coureur de AG2R La Mondiale a r\u00e9v\u00e9l\u00e9 \u00e0 <a href=\"https:\/\/www.cyclingnews.com\/features\/bardet-raring-to-go-again-after-disappointment-of-2019-tour-de-france\/\">CyclingNews.com<\/a> qu&rsquo;il allait courir quelques cyclo-cross en novembre. \u00ab\u00a0<em>(Apr\u00e8s la d\u00e9ception du Tour de France), je me sentais fatigu\u00e9 et d\u00e9\u00e7u mais le moral n&rsquo;\u00e9tait pas si bas. Je ne voulais juste pas courir pour faire le nombre<\/em>\u00a0\u00bb explique-t-il pour justifier sa d\u00e9cision de mettre un terme \u00e0 sa saison 2019 apr\u00e8s le Tour de France. \u00ab\u00a0<em>Si je vais sur une course, c&rsquo;est pour \u00eatre comp\u00e9titif. Il \u00e9tait plus logique pour moi de dire &lsquo;stop&rsquo;\u00a0et de prendre du temps pour me revitaliser que de me trainer sur les courses<\/em>\u00ab\u00a0. l&rsquo;Auvergnat poursuit \u00ab\u00a0<em>J&rsquo;ai commenc\u00e9 \u00e0 courir de nouveau\u00a0 en octobre. Je fais de la piste et je vais faire du cyclo-cross en novembre. J&rsquo;ai toujours aim\u00e9 le cyclo-cross, j&rsquo;en ai fait un peu \u00e0 un bas niveau mais j&rsquo;esp\u00e8re que \u00e7a va m&rsquo;aider \u00e0 regagner du punch car c&rsquo;est ce qu&rsquo;il me manquait vraiment cette ann\u00e9e. Je n&rsquo;\u00e9tais pas si en de\u00e7\u00e0 de la normale mais je ne pouvais pas acc\u00e9l\u00e9rer et on ne peut pas gagner de courses de cette fa\u00e7on. J&rsquo;ai besoin de trouver une fa\u00e7on de regagner ce punch<\/em>\u00ab\u00a0.<\/p>\n<p style=\"text-align: justify;\">\u00ab\u00a0<em>J&rsquo;ai beaucoup appris cette ann\u00e9e et la principale conclusion que j&rsquo;en tire est que pour continuer \u00e0 progresser en cyclisme, il faut savoir comment se r\u00e9inventer. Faire exactement la m\u00eame chose ann\u00e9e apr\u00e8s ann\u00e9e, pousser toujours plus loin, ne permet pas forc\u00e9ment de s&rsquo;am\u00e9liorer<\/em>\u00ab\u00a0. Reste \u00e0 savoir comment se r\u00e9inventer justement. Depuis que Bardet a annonc\u00e9 \u00e0 la mi-ao\u00fbt clore sa saison 2019 et se besoin de se renouveler, le Giro est de toutes les sp\u00e9culations. \u00ab\u00a0<em>C&rsquo;est une vraie possibilit\u00e9, <\/em>confirme-t-il.\u00a0<em>J&rsquo;ai envie de voir ce que je peux faire dans un Grand Tour qui n&rsquo;est pas le Tour de France<\/em>\u00ab\u00a0. Jusqu&rsquo;\u00e0 pr\u00e9sent la seule exp\u00e9rience de Bardet sur une course de 3 semaines autre que le Tour de France est la Vuelta 2017, qu&rsquo;il avait couru apr\u00e8s avoir termin\u00e9 du troisi\u00e8me du Tour cette ann\u00e9e l\u00e0 et o\u00f9 il a obtenu quelques places d&rsquo;honneur sur des \u00e9tapes mais sans \u00eatre capable d&rsquo;aller chercher une \u00e9tape ou de jouer le g\u00e9n\u00e9ral. \u00ab\u00a0<em>Il y a beaucoup de kilom\u00e8tres contre-la-montre, c&rsquo;est s\u00fbr mais ce n&rsquo;est pas un probl\u00e8me pour moi. Il y en avait aussi beaucoup cette ann\u00e9e et (Richard) Carapaz, qui n&rsquo;est pas un chronoman, s&rsquo;est impos\u00e9. Le fait est que le Giro est une course beaucoup plus ouverte que le Tour<\/em>\u00ab\u00a0.<\/p>\n<p style=\"text-align: justify;\">Reste que si Bardet a besoin de renouveau, il y a une discipline dans laquelle il s&rsquo;est beaucoup am\u00e9lior\u00e9 ces derni\u00e8res saisons jusqu&rsquo;\u00e0 faire deuxi\u00e8me des Strade Bianche, troisi\u00e8me de Li\u00e8ge-Bastogne-Li\u00e8ge et surtout deuxi\u00e8me du Championnat du Monde de Innsbruck, tout \u00e7a en 2018, ce sont bien entendu les classiques. \u00ab\u00a0<em>(En 2020)\u00a0Je veux performer sur les Jeux Olympiques et le Championnat du Monde (de Martigny-Aigle). J&rsquo;ai la chance d&rsquo;avoir ces parcours cette ann\u00e9e et vous connaissez ma passion pour les courses d&rsquo;un jour. Il y a donc une grosse motivation pour moi. Je me sens toujours tr\u00e8s motiv\u00e9 par les Grands Tours et je veux en courir deux l&rsquo;an prochain. C&rsquo;est beaucoup plus difficile de se pr\u00e9parer pour un Grand Tour que pour une classique mais je pense qu&rsquo;avec un calendrier bien \u00e9quilibr\u00e9, on peut performer sur les deux fronts<\/em>\u00ab\u00a0. La question reste donc de savoir ce qu&rsquo;est un calendrier bien \u00e9quilibr\u00e9 car il semble peu probable que Bardet loupe le Tour, lui-m\u00eame se dit impatient d&rsquo;y revenir, or l&rsquo;\u00e9preuve route des Jeux Olympiques se tiendra juste quelques jours apr\u00e8s la fin du Tour&#8230; Et la Vuelta d\u00e9butera trois semaines plus tard pour se terminer trois semaines avant le Championnat du Monde. Autant dire qu&rsquo;encha\u00eener les quatre \u00e9preuves en esp\u00e9rant y performer sur les quatre sera un sacr\u00e9 d\u00e9fi. Cependant, les Jeux Olympiques font que le Tour de France ne se tiendra que quatre semaines apr\u00e8s le Tour d&rsquo;Italie contrairement \u00e0 cinq habituellement. \u00c7a laisse plus de temps pour le Mondial par contre mais quoiqu&rsquo;il en soit, \u00ab\u00a0<em>la saison 2020 sera riche et dense<\/em>\u00a0\u00bb reconna\u00eet l&rsquo;int\u00e9ress\u00e9. \u00ab\u00a0<em>C&rsquo;est aussi l&rsquo;avantage d&rsquo;avoir terminer ma saison (2019) t\u00f4t. Je me sens d\u00e9j\u00e0 plus frais et \u00e7a devrait me permettre de faire une grosse saison 2020. Je suis impatient d&rsquo;aller en Australie pour ma premi\u00e8re course (<a href=\"https:\/\/cyclingpro.net\/velopro\/course\/tour-down-under\/romain-bardet-reprendra-au-tour-down-under\/\">lire ici<\/a>). C&rsquo;est un vrai luxe d&rsquo;avoir eu une vraie coupure. Normalement je n&rsquo;ai que trois \u00e0 quatre semaines, cette fois-ci j&rsquo;ai pass\u00e9 presque deux mois loin du v\u00e9lo<\/em>\u00ab\u00a0.<\/p>\n","protected":false},"excerpt":{"rendered":"<p>On ne sait pas encore si Romain Bardet va finalement prendre part au premier Giro de sa carri\u00e8re en 2020 mais le coureur de AG2R La Mondiale a r\u00e9v\u00e9l\u00e9 \u00e0 CyclingNews.com qu&rsquo;il allait courir quelques cyclo-cross en novembre. \u00ab\u00a0(Apr\u00e8s la d\u00e9ception du Tour de France), je me sentais fatigu\u00e9 et d\u00e9\u00e7u mais le moral n&rsquo;\u00e9tait &hellip;<\/p>\n","protected":false},"author":4,"featured_media":145289,"comment_status":"open","ping_status":"open","sticky":false,"template":"","format":"standard","meta":{"footnotes":""},"categories":[11,225,58,210,15,39,59],"tags":[],"class_list":["post-145287","post","type-post","status-publish","format-standard","has-post-thumbnail","hentry","category-news-niveau-2","category-championnat-du-monde","category-giro-ditalia-tour-italie","category-jeux-olympiques-2020","category-route","category-tour-de-france","category-vuelta-a-espana-tour-espagne"],"_links":{"self":[{"href":"https:\/\/cyclingpro.net\/velopro\/wp-json\/wp\/v2\/posts\/145287","targetHints":{"allow":["GET"]}}],"collection":[{"href":"https:\/\/cyclingpro.net\/velopro\/wp-json\/wp\/v2\/posts"}],"about":[{"href":"https:\/\/cyclingpro.net\/velopro\/wp-json\/wp\/v2\/types\/post"}],"author":[{"embeddable":true,"href":"https:\/\/cyclingpro.net\/velopro\/wp-json\/wp\/v2\/users\/4"}],"replies":[{"embeddable":true,"href":"https:\/\/cyclingpro.net\/velopro\/wp-json\/wp\/v2\/comments?post=145287"}],"version-history":[{"count":1,"href":"https:\/\/cyclingpro.net\/velopro\/wp-json\/wp\/v2\/posts\/145287\/revisions"}],"predecessor-version":[{"id":145288,"href":"https:\/\/cyclingpro.net\/velopro\/wp-json\/wp\/v2\/posts\/145287\/revisions\/145288"}],"wp:featuredmedia":[{"embeddable":true,"href":"https:\/\/cyclingpro.net\/velopro\/wp-json\/wp\/v2\/media\/145289"}],"wp:attachment":[{"href":"https:\/\/cyclingpro.net\/velopro\/wp-json\/wp\/v2\/media?parent=145287"}],"wp:term":[{"taxonomy":"category","embeddable":true,"href":"https:\/\/cyclingpro.net\/velopro\/wp-json\/wp\/v2\/categories?post=145287"},{"taxonomy":"post_tag","embeddable":true,"href":"https:\/\/cyclingpro.net\/velopro\/wp-json\/wp\/v2\/tags?post=145287"}],"curies":[{"name":"wp","href":"https:\/\/api.w.org\/{rel}","templated":true}]}}