{"id":144848,"date":"2019-10-22T12:16:01","date_gmt":"2019-10-22T10:16:01","guid":{"rendered":"https:\/\/cyclingpro.net\/velopro\/?p=144848"},"modified":"2019-10-22T12:16:01","modified_gmt":"2019-10-22T10:16:01","slug":"juan-sebastian-molano-jai-fait-de-mon-mieux-la-deuxieme-place-me-satisfait","status":"publish","type":"post","link":"https:\/\/cyclingpro.net\/velopro\/course\/tour-of-guangxi\/juan-sebastian-molano-jai-fait-de-mon-mieux-la-deuxieme-place-me-satisfait\/","title":{"rendered":"Juan Sebastian Molano : \u00ab J&rsquo;ai fait de mon mieux, la deuxi\u00e8me place me satisfait \u00bb"},"content":{"rendered":"<p style=\"text-align: justify;\">Juan Sebastian Molano a sign\u00e9 le meilleur r\u00e9sultat WorldTour de sa carri\u00e8re en prenant la deuxi\u00e8me place de la derni\u00e8re \u00e9tape du Tour de Guangxi. Seulement battu au sprint par Pascal Ackermann apr\u00e8s un final chaotique lors duquel son leader Fernando Gaviria a \u00e9t\u00e9 g\u00ean\u00e9 par une chute, le sprinteur colombien a pu jouer sa carte.\u00a0\u00ab <em>J&rsquo;\u00e9tais concentr\u00e9 pour lancer le sprint de Gaviria<\/em>, raconte Molano dans un communiqu\u00e9 d&rsquo;UAE-Team Emirates. <em>Avec Ferrari et les autres, on s&rsquo;est battus pour \u00eatre dans les premi\u00e8res positions. Mais il y a eu une chute et on m&rsquo;a dit de faire le sprint.<\/em> \u00bb<\/p>\n<h6><strong><a href=\"https:\/\/cyclingpro.net\/velopro\/course\/tour-of-guangxi\/pascal-ackermann-cest-la-premiere-fois-que-je-termine-la-saison-par-une-victoire\/\">Lire aussi &gt; Pascal Ackermann : \u00ab C\u2019est la premi\u00e8re fois que je termine la saison par une victoire \u00bb<\/a><\/strong><\/h6>\n<p style=\"text-align: justify;\">Molano s&rsquo;est alors lanc\u00e9 \u00e0 fond, sur une chauss\u00e9e d\u00e9tremp\u00e9e. Seulement, il y avait Ackermann dans son aspiration et le sprinteur allemand ne s&rsquo;est pas fait prier pour aller signer sa treizi\u00e8me victoire de l&rsquo;ann\u00e9e. Le coureur colombien de bient\u00f4t 25 ans (il les aura le 4 novembre) terminait alors \u00e0 une longueur. \u00ab <em>J&rsquo;ai fait de mon mieux pour aller chercher un bon r\u00e9sultat. La deuxi\u00e8me place me satisfait, c&rsquo;est une belle mani\u00e8re de terminer la saison<\/em>. \u00bb Principalement au service de Gaviria pour sa premi\u00e8re ann\u00e9e WorldTour, Molano pourra nourrir plus d&rsquo;ambitions personnelles en 2020.<\/p>\n<blockquote class=\"twitter-tweet\">\n<p dir=\"ltr\" lang=\"en\">An overhead look at stage six&rsquo;s sprint finish at the <a href=\"https:\/\/twitter.com\/TourofGuangxi?ref_src=twsrc%5Etfw\">@TourofGuangxi<\/a> as <a href=\"https:\/\/twitter.com\/BORAhansgrohe?ref_src=twsrc%5Etfw\">@BORAhansgrohe<\/a>&lsquo;s <a href=\"https:\/\/twitter.com\/Ackes171?ref_src=twsrc%5Etfw\">@Ackes171<\/a> claimed victory ahead of <a href=\"https:\/\/twitter.com\/TeamUAEAbuDhabi?ref_src=twsrc%5Etfw\">@TeamUAEAbuDhabi<\/a>&lsquo;s <a href=\"https:\/\/twitter.com\/sebasmolano_?ref_src=twsrc%5Etfw\">@sebasmolano_<\/a> &#x1f3a5; <a href=\"https:\/\/t.co\/fJJsDUgOuI\">pic.twitter.com\/fJJsDUgOuI<\/a><\/p>\n<p>\u2014 Velon CC (@VelonCC) <a href=\"https:\/\/twitter.com\/VelonCC\/status\/1186538921188085760?ref_src=twsrc%5Etfw\">October 22, 2019<\/a><\/p><\/blockquote>\n<p><script async src=\"https:\/\/platform.twitter.com\/widgets.js\" charset=\"utf-8\"><\/script><\/p>\n","protected":false},"excerpt":{"rendered":"<p>Juan Sebastian Molano a sign\u00e9 le meilleur r\u00e9sultat WorldTour de sa carri\u00e8re en prenant la deuxi\u00e8me place de la derni\u00e8re \u00e9tape du Tour de Guangxi. Seulement battu au sprint par Pascal Ackermann apr\u00e8s un final chaotique lors duquel son leader Fernando Gaviria a \u00e9t\u00e9 g\u00ean\u00e9 par une chute, le sprinteur colombien a pu jouer sa &hellip;<\/p>\n","protected":false},"author":15,"featured_media":144849,"comment_status":"open","ping_status":"open","sticky":false,"template":"","format":"standard","meta":{"footnotes":""},"categories":[11,8,15,198,19,28],"tags":[],"class_list":["post-144848","post","type-post","status-publish","format-standard","has-post-thumbnail","hentry","category-news-niveau-2","category-interviews","category-route","category-tour-of-guangxi","category-worldtour","category-course"],"_links":{"self":[{"href":"https:\/\/cyclingpro.net\/velopro\/wp-json\/wp\/v2\/posts\/144848","targetHints":{"allow":["GET"]}}],"collection":[{"href":"https:\/\/cyclingpro.net\/velopro\/wp-json\/wp\/v2\/posts"}],"about":[{"href":"https:\/\/cyclingpro.net\/velopro\/wp-json\/wp\/v2\/types\/post"}],"author":[{"embeddable":true,"href":"https:\/\/cyclingpro.net\/velopro\/wp-json\/wp\/v2\/users\/15"}],"replies":[{"embeddable":true,"href":"https:\/\/cyclingpro.net\/velopro\/wp-json\/wp\/v2\/comments?post=144848"}],"version-history":[{"count":2,"href":"https:\/\/cyclingpro.net\/velopro\/wp-json\/wp\/v2\/posts\/144848\/revisions"}],"predecessor-version":[{"id":144851,"href":"https:\/\/cyclingpro.net\/velopro\/wp-json\/wp\/v2\/posts\/144848\/revisions\/144851"}],"wp:featuredmedia":[{"embeddable":true,"href":"https:\/\/cyclingpro.net\/velopro\/wp-json\/wp\/v2\/media\/144849"}],"wp:attachment":[{"href":"https:\/\/cyclingpro.net\/velopro\/wp-json\/wp\/v2\/media?parent=144848"}],"wp:term":[{"taxonomy":"category","embeddable":true,"href":"https:\/\/cyclingpro.net\/velopro\/wp-json\/wp\/v2\/categories?post=144848"},{"taxonomy":"post_tag","embeddable":true,"href":"https:\/\/cyclingpro.net\/velopro\/wp-json\/wp\/v2\/tags?post=144848"}],"curies":[{"name":"wp","href":"https:\/\/api.w.org\/{rel}","templated":true}]}}